{"id":8458,"date":"2021-09-13T22:46:25","date_gmt":"2021-09-13T22:46:25","guid":{"rendered":"https:\/\/fdnoaxaca.net\/?p=8458"},"modified":"2021-09-13T22:46:28","modified_gmt":"2021-09-13T22:46:28","slug":"continua-en-recuperacion-salomon-jara","status":"publish","type":"post","link":"https:\/\/fdnoaxaca.net\/index.php\/2021\/09\/13\/continua-en-recuperacion-salomon-jara\/","title":{"rendered":"Contin\u00faa en recuperaci\u00f3n Salom\u00f3n Jara"},"content":{"rendered":"\n<p>Oaxaca de Ju\u00e1rez, Oax. 13 de septiembre de 2021.- Luego de la cirug\u00eda a la que fuera sometido, el senador Salom\u00f3n Jara env\u00edo un mensaje a trav\u00e9s de sus redes sociales, en el que manifest\u00f3 que su recuperaci\u00f3n es satisfactoria. <\/p>\n\n\n\n<p>Junto a su esposa, hijos y nietos, el senador de la Rep\u00fablica por Morena, se\u00f1al\u00f3 que espera estar pronto con sus paisanos y continuar con su labor pol\u00edtica. <\/p>\n\n\n\n<p>Jara Cruz agradeci\u00f3 todas las muestras de afecto y apoyo que ha recibido desde las ocho regiones del estado. <\/p>\n\n\n\n<p>\u201cGracias al creador y al profesionalismo de todo el personal de salud que me atendi\u00f3, desde hace algunos d\u00edas estoy en mi casa, recuper\u00e1ndome muy bien, rodeado del amor de mi familia\u201d, dijo.<\/p>\n\n\n\n<p>Salom\u00f3n Jara, aspirante a la gubernatura de Oaxaca, fue intervenido de emergencia en el hospital del ISSSTE \u201cLic. Adolfo L\u00f3pez Mateos\u201d, en la Ciudad de M\u00e9xico, a finales de agosto. <\/p>\n\n\n\n<p>Se hab\u00eda informado que presuntamente Jara Cruz habr\u00eda tenido un infarto cerebral, sin embargo, fue negado; hasta el momento, no se ha detallado la causa por lo cual fue intervenido quir\u00fargicamente.<\/p>\n","protected":false},"excerpt":{"rendered":"<p>Oaxaca de Ju\u00e1rez, Oax. 13 de septiembre de 2021.- Luego de la cirug\u00eda a la que fuera sometido, el senador Salom\u00f3n Jara env\u00edo un mensaje a trav\u00e9s de sus redes sociales, en el que manifest\u00f3 que su recuperaci\u00f3n es satisfactoria. Junto a su esposa, hijos y nietos, el senador de la Rep\u00fablica por Morena, se\u00f1al\u00f3&#8230;<\/p>\n","protected":false},"author":4,"featured_media":8459,"comment_status":"closed","ping_status":"closed","sticky":false,"template":"","format":"standard","meta":{"footnotes":""},"categories":[4],"tags":[],"class_list":["post-8458","post","type-post","status-publish","format-standard","has-post-thumbnail","hentry","category-general"],"_links":{"self":[{"href":"https:\/\/fdnoaxaca.net\/index.php\/wp-json\/wp\/v2\/posts\/8458","targetHints":{"allow":["GET"]}}],"collection":[{"href":"https:\/\/fdnoaxaca.net\/index.php\/wp-json\/wp\/v2\/posts"}],"about":[{"href":"https:\/\/fdnoaxaca.net\/index.php\/wp-json\/wp\/v2\/types\/post"}],"author":[{"embeddable":true,"href":"https:\/\/fdnoaxaca.net\/index.php\/wp-json\/wp\/v2\/users\/4"}],"replies":[{"embeddable":true,"href":"https:\/\/fdnoaxaca.net\/index.php\/wp-json\/wp\/v2\/comments?post=8458"}],"version-history":[{"count":1,"href":"https:\/\/fdnoaxaca.net\/index.php\/wp-json\/wp\/v2\/posts\/8458\/revisions"}],"predecessor-version":[{"id":8460,"href":"https:\/\/fdnoaxaca.net\/index.php\/wp-json\/wp\/v2\/posts\/8458\/revisions\/8460"}],"wp:featuredmedia":[{"embeddable":true,"href":"https:\/\/fdnoaxaca.net\/index.php\/wp-json\/wp\/v2\/media\/8459"}],"wp:attachment":[{"href":"https:\/\/fdnoaxaca.net\/index.php\/wp-json\/wp\/v2\/media?parent=8458"}],"wp:term":[{"taxonomy":"category","embeddable":true,"href":"https:\/\/fdnoaxaca.net\/index.php\/wp-json\/wp\/v2\/categories?post=8458"},{"taxonomy":"post_tag","embeddable":true,"href":"https:\/\/fdnoaxaca.net\/index.php\/wp-json\/wp\/v2\/tags?post=8458"}],"curies":[{"name":"wp","href":"https:\/\/api.w.org\/{rel}","templated":true}]}}