{"id":8483,"date":"2021-09-17T04:23:28","date_gmt":"2021-09-17T04:23:28","guid":{"rendered":"https:\/\/fdnoaxaca.net\/?p=8483"},"modified":"2021-09-17T04:23:31","modified_gmt":"2021-09-17T04:23:31","slug":"sin-danos-por-sismo-de-magnitud-4-8-con-epicentro-en-ocotlan-oaxaca","status":"publish","type":"post","link":"https:\/\/fdnoaxaca.net\/index.php\/2021\/09\/17\/sin-danos-por-sismo-de-magnitud-4-8-con-epicentro-en-ocotlan-oaxaca\/","title":{"rendered":"Sin da\u00f1os por sismo de magnitud 4.8 con epicentro en Ocotl\u00e1n, Oaxaca"},"content":{"rendered":"\n<p>Oaxaca de Ju\u00e1rez, Oax. 16 de septiembre de 2021.- Sin ning\u00fan da\u00f1o en Oaxaca despu\u00e9s del sismo percibido la tarde de este jueves en el estado, inform\u00f3 la Coordinaci\u00f3n Estatal de Protecci\u00f3n Civil. <\/p>\n\n\n\n<p>El sismo de magnitud 4.8, que de manera preliminar se hab\u00eda reportado en Santa Cruz Xoxocotl\u00e1n y posteriormente en Tlacolula de Matamoros, fue finalmente actualizado por el Servicio Sismol\u00f3gico Nacional que su epicentro se estableci\u00f3 a 32 kil\u00f3metros al suroeste de Ocotl\u00e1n de Morelos, Oaxaca.<\/p>\n\n\n\n<p>El reporte del Servicio Sismol\u00f3gico Nacional informa que el movimiento tel\u00farico tuvo una magnitud de 4.8 y su epicentro se ubic\u00f3 a 32 kil\u00f3metros al suroeste de Ocotl\u00e1n de Morelos, municipio conurbado a la capital del estado. <\/p>\n\n\n\n<p>Esta situaci\u00f3n activ\u00f3 los protocolos de la dependencia, a fin de monitorear en las ocho regiones del estado la percepci\u00f3n y posibles da\u00f1os del movimiento tel\u00farico, sin que hasta el momento se hayan reportado da\u00f1os.<\/p>\n\n\n\n<p>La percepci\u00f3n en parte de la Mixteca, Istmo, Cuenca, Costa fue imperceptible, mientras que en la Sierra Sur y Valles Centrales fue moderada a leve.<\/p>\n\n\n\n<p>En la zona epicentral se mantiene el monitoreo, sin que hasta el momento se hayan reportado da\u00f1os por la ocurrencia de este sismo, inform\u00f3 Protecci\u00f3n Civil.<\/p>\n\n\n\n<p>Las dem\u00e1s regiones de la entidad indicaron percepci\u00f3n ligera, sin da\u00f1os a la poblaci\u00f3n. La CEPCO contin\u00faa con las acciones de prevenci\u00f3n y alerta a la poblaci\u00f3n a quien recomienda guardar la calma y localizar zonas seguras para resguardarse en caso de otro sismo. <\/p>\n","protected":false},"excerpt":{"rendered":"<p>Oaxaca de Ju\u00e1rez, Oax. 16 de septiembre de 2021.- Sin ning\u00fan da\u00f1o en Oaxaca despu\u00e9s del sismo percibido la tarde de este jueves en el estado, inform\u00f3 la Coordinaci\u00f3n Estatal de Protecci\u00f3n Civil. El sismo de magnitud 4.8, que de manera preliminar se hab\u00eda reportado en Santa Cruz Xoxocotl\u00e1n y posteriormente en Tlacolula de Matamoros,&#8230;<\/p>\n","protected":false},"author":4,"featured_media":8484,"comment_status":"closed","ping_status":"closed","sticky":false,"template":"","format":"standard","meta":{"footnotes":""},"categories":[49],"tags":[],"class_list":["post-8483","post","type-post","status-publish","format-standard","has-post-thumbnail","hentry","category-titulares"],"_links":{"self":[{"href":"https:\/\/fdnoaxaca.net\/index.php\/wp-json\/wp\/v2\/posts\/8483","targetHints":{"allow":["GET"]}}],"collection":[{"href":"https:\/\/fdnoaxaca.net\/index.php\/wp-json\/wp\/v2\/posts"}],"about":[{"href":"https:\/\/fdnoaxaca.net\/index.php\/wp-json\/wp\/v2\/types\/post"}],"author":[{"embeddable":true,"href":"https:\/\/fdnoaxaca.net\/index.php\/wp-json\/wp\/v2\/users\/4"}],"replies":[{"embeddable":true,"href":"https:\/\/fdnoaxaca.net\/index.php\/wp-json\/wp\/v2\/comments?post=8483"}],"version-history":[{"count":1,"href":"https:\/\/fdnoaxaca.net\/index.php\/wp-json\/wp\/v2\/posts\/8483\/revisions"}],"predecessor-version":[{"id":8485,"href":"https:\/\/fdnoaxaca.net\/index.php\/wp-json\/wp\/v2\/posts\/8483\/revisions\/8485"}],"wp:featuredmedia":[{"embeddable":true,"href":"https:\/\/fdnoaxaca.net\/index.php\/wp-json\/wp\/v2\/media\/8484"}],"wp:attachment":[{"href":"https:\/\/fdnoaxaca.net\/index.php\/wp-json\/wp\/v2\/media?parent=8483"}],"wp:term":[{"taxonomy":"category","embeddable":true,"href":"https:\/\/fdnoaxaca.net\/index.php\/wp-json\/wp\/v2\/categories?post=8483"},{"taxonomy":"post_tag","embeddable":true,"href":"https:\/\/fdnoaxaca.net\/index.php\/wp-json\/wp\/v2\/tags?post=8483"}],"curies":[{"name":"wp","href":"https:\/\/api.w.org\/{rel}","templated":true}]}}