{"id":8606,"date":"2021-10-01T21:36:41","date_gmt":"2021-10-01T21:36:41","guid":{"rendered":"https:\/\/fdnoaxaca.net\/?p=8606"},"modified":"2021-10-01T21:36:44","modified_gmt":"2021-10-01T21:36:44","slug":"dictan-prision-preventiva-a-dos-mandos-policiales-por-hechos-violentos-del-19-de-junio-en-nochixtlan","status":"publish","type":"post","link":"https:\/\/fdnoaxaca.net\/index.php\/2021\/10\/01\/dictan-prision-preventiva-a-dos-mandos-policiales-por-hechos-violentos-del-19-de-junio-en-nochixtlan\/","title":{"rendered":"Dictan prisi\u00f3n preventiva a dos mandos policiales por hechos violentos del 19 de junio en Nochixtl\u00e1n"},"content":{"rendered":"\n<p>Oaxaca de Ju\u00e1rez, Oax. 1 de octubre de 2021.- A poco m\u00e1s de cinco a\u00f1os de los hechos violentos del 19 de junio de 2016 ocurridos en Nochixtl\u00e1n, Oaxaca, fueron vinculados a proceso los mandos policiales Juan P. A. y Carlos G. R.<\/p>\n\n\n\n<p>El Comit\u00e9 de V\u00edctimas por Justicia y Verdad 19 de junio (Covic), inform\u00f3 que la audiencia dur\u00f3 m\u00e1s de 12 horas ante el Juez de Control del Centro de Justicia Penal Federal de Oaxaca, quien vincul\u00f3 a proceso a los dos mandos policiales y les dict\u00f3 la medida cautelar de prisi\u00f3n preventiva.<\/p>\n\n\n\n<p>A ellos se les imputan sus responsabilidades asumidas durante el operativo del 19 de junio de 2016 implementado en la supercarretera Oaxaca-M\u00e9xico, en jurisdicci\u00f3n de Nochixtl\u00e1n, para retirar el bloqueo que manten\u00edan la Secci\u00f3n 22 del Sindicato Nacional de Trabajadores de la Educaci\u00f3n (SNTE) y organizaciones sociales en contra de la reforma educativa. <\/p>\n\n\n\n<p>Est\u00e1n acusados de los delitos de homicidio calificado y lesiones calificadas ocasionadas por disparos de armas de fuego. <\/p>\n\n\n\n<p>Al respecto, el Comit\u00e9 demand\u00f3 que la aplicaci\u00f3n de la ley sea tambi\u00e9n para los responsables pol\u00edticos y del gobierno, quienes ordenaron el operativo, y no solo para los mandos policiales quienes siguieron indicaciones. <\/p>\n\n\n\n<p>Solicit\u00f3 castigo para el expresidente de la Rep\u00fablica, Enrique Pe\u00f1a Nieto, al exsecretario de Gobernaci\u00f3n, Miguel \u00c1ngel Osorio Chong, al excomisionado federal de la extinta Polic\u00eda Federal, Enrique Galindo Ceballos y al exgobernador de Oaxaca Gabino Cu\u00e9 Monteagudo.<\/p>\n\n\n\n<p>&#8220;Seguimos sosteniendo de manera categ\u00f3rica que estas dos detenciones y vinculaciones a proceso no son suficientes, ya que se trata \u00fanicamente de mandos operativos que acudieron a Nochixtl\u00e1n a cumplir una instrucci\u00f3n girada desde las m\u00e1s altas esferas del poder en M\u00e9xico\u201d, declar\u00f3 el Covic. <\/p>\n\n\n\n<p>El operativo policial del 19 de junio de 2016 en Nochixtl\u00e1n deriv\u00f3 en un enfrentamiento entre corporaciones policiales y magisterio y organizaciones sociales, el saldo fue de ocho muertos y cerca de dos centenares de lesionados. <\/p>\n","protected":false},"excerpt":{"rendered":"<p>Oaxaca de Ju\u00e1rez, Oax. 1 de octubre de 2021.- A poco m\u00e1s de cinco a\u00f1os de los hechos violentos del 19 de junio de 2016 ocurridos en Nochixtl\u00e1n, Oaxaca, fueron vinculados a proceso los mandos policiales Juan P. A. y Carlos G. R. El Comit\u00e9 de V\u00edctimas por Justicia y Verdad 19 de junio (Covic),&#8230;<\/p>\n","protected":false},"author":4,"featured_media":8607,"comment_status":"closed","ping_status":"closed","sticky":false,"template":"","format":"standard","meta":{"footnotes":""},"categories":[49],"tags":[],"class_list":["post-8606","post","type-post","status-publish","format-standard","has-post-thumbnail","hentry","category-titulares"],"_links":{"self":[{"href":"https:\/\/fdnoaxaca.net\/index.php\/wp-json\/wp\/v2\/posts\/8606","targetHints":{"allow":["GET"]}}],"collection":[{"href":"https:\/\/fdnoaxaca.net\/index.php\/wp-json\/wp\/v2\/posts"}],"about":[{"href":"https:\/\/fdnoaxaca.net\/index.php\/wp-json\/wp\/v2\/types\/post"}],"author":[{"embeddable":true,"href":"https:\/\/fdnoaxaca.net\/index.php\/wp-json\/wp\/v2\/users\/4"}],"replies":[{"embeddable":true,"href":"https:\/\/fdnoaxaca.net\/index.php\/wp-json\/wp\/v2\/comments?post=8606"}],"version-history":[{"count":1,"href":"https:\/\/fdnoaxaca.net\/index.php\/wp-json\/wp\/v2\/posts\/8606\/revisions"}],"predecessor-version":[{"id":8608,"href":"https:\/\/fdnoaxaca.net\/index.php\/wp-json\/wp\/v2\/posts\/8606\/revisions\/8608"}],"wp:featuredmedia":[{"embeddable":true,"href":"https:\/\/fdnoaxaca.net\/index.php\/wp-json\/wp\/v2\/media\/8607"}],"wp:attachment":[{"href":"https:\/\/fdnoaxaca.net\/index.php\/wp-json\/wp\/v2\/media?parent=8606"}],"wp:term":[{"taxonomy":"category","embeddable":true,"href":"https:\/\/fdnoaxaca.net\/index.php\/wp-json\/wp\/v2\/categories?post=8606"},{"taxonomy":"post_tag","embeddable":true,"href":"https:\/\/fdnoaxaca.net\/index.php\/wp-json\/wp\/v2\/tags?post=8606"}],"curies":[{"name":"wp","href":"https:\/\/api.w.org\/{rel}","templated":true}]}}