{"id":8660,"date":"2021-10-08T00:05:33","date_gmt":"2021-10-08T00:05:33","guid":{"rendered":"https:\/\/fdnoaxaca.net\/?p=8660"},"modified":"2021-10-08T00:05:37","modified_gmt":"2021-10-08T00:05:37","slug":"dan-prision-preventiva-a-tres-presuntos-implicados-en-el-asalto-a-autoridades-de-san-martin-peras","status":"publish","type":"post","link":"https:\/\/fdnoaxaca.net\/index.php\/2021\/10\/08\/dan-prision-preventiva-a-tres-presuntos-implicados-en-el-asalto-a-autoridades-de-san-martin-peras\/","title":{"rendered":"Dan prisi\u00f3n preventiva a tres presuntos implicados en el asalto a autoridades de San Mart\u00edn Peras"},"content":{"rendered":"\n<p>Oaxaca de Ju\u00e1rez, Oax., 7 de octubre de 2021.- Tres presuntos implicados en el asalto a las autoridades municipales de San Mart\u00edn Peras, Oaxaca, fueron vinculados a proceso, por lo que quedaron en prisi\u00f3n preventiva. <\/p>\n\n\n\n<p>La Fiscal\u00eda General del Estado de Oaxaca (FGEO) present\u00f3 ante el Juzgado de Control a los hombres identificados como M. A. R., C. A. H. y S. A. P., acusados del asalto y de haber asesinado a dos de las tres autoridades locales; por lo cual son se\u00f1alados del delito de homicidio doloso. <\/p>\n\n\n\n<p>Tambi\u00e9n son acusados de la comisi\u00f3n de lesiones calificadas contra la tercer autoridad afectada N. L. R.<\/p>\n\n\n\n<p>De acuerdo con la carpeta de investigaci\u00f3n 32639\/FMIX\/HUAJUAPAN\/2021, el 4 de octubre de 2021, las v\u00edctimas acudieron a una sucursal bancaria ubicada en el centro de Huajuapan de Le\u00f3n, en la regi\u00f3n de la Mixteca, cuando individuos (entre los que se encontraban los imputados) balearon y despojaron de una cantidad de dinero a las autoridades municipales, hecho en el que asesinaron a J. D. M. D. y J. R. C. e hiriendo de gravedad a N. L. R.<\/p>\n\n\n\n<p>Tras la comisi\u00f3n del ataque, los presuntos responsables fueron interceptados por elementos de la polic\u00eda municipal, quienes detuvieron a los tres individuos, adem\u00e1s que recuperaron el dinero que supuestamente hab\u00edan robado.<\/p>\n\n\n\n<p>En audiencia ante Juez, los imputados se acogieron al t\u00e9rmino constitucional ampliado que vence la pr\u00f3xima semana, quedando en tanto en prisi\u00f3n preventiva provisional. <\/p>\n","protected":false},"excerpt":{"rendered":"<p>Oaxaca de Ju\u00e1rez, Oax., 7 de octubre de 2021.- Tres presuntos implicados en el asalto a las autoridades municipales de San Mart\u00edn Peras, Oaxaca, fueron vinculados a proceso, por lo que quedaron en prisi\u00f3n preventiva. La Fiscal\u00eda General del Estado de Oaxaca (FGEO) present\u00f3 ante el Juzgado de Control a los hombres identificados como M&#8230;.<\/p>\n","protected":false},"author":4,"featured_media":7781,"comment_status":"closed","ping_status":"closed","sticky":false,"template":"","format":"standard","meta":{"footnotes":""},"categories":[49],"tags":[],"class_list":["post-8660","post","type-post","status-publish","format-standard","has-post-thumbnail","hentry","category-titulares"],"_links":{"self":[{"href":"https:\/\/fdnoaxaca.net\/index.php\/wp-json\/wp\/v2\/posts\/8660","targetHints":{"allow":["GET"]}}],"collection":[{"href":"https:\/\/fdnoaxaca.net\/index.php\/wp-json\/wp\/v2\/posts"}],"about":[{"href":"https:\/\/fdnoaxaca.net\/index.php\/wp-json\/wp\/v2\/types\/post"}],"author":[{"embeddable":true,"href":"https:\/\/fdnoaxaca.net\/index.php\/wp-json\/wp\/v2\/users\/4"}],"replies":[{"embeddable":true,"href":"https:\/\/fdnoaxaca.net\/index.php\/wp-json\/wp\/v2\/comments?post=8660"}],"version-history":[{"count":1,"href":"https:\/\/fdnoaxaca.net\/index.php\/wp-json\/wp\/v2\/posts\/8660\/revisions"}],"predecessor-version":[{"id":8661,"href":"https:\/\/fdnoaxaca.net\/index.php\/wp-json\/wp\/v2\/posts\/8660\/revisions\/8661"}],"wp:featuredmedia":[{"embeddable":true,"href":"https:\/\/fdnoaxaca.net\/index.php\/wp-json\/wp\/v2\/media\/7781"}],"wp:attachment":[{"href":"https:\/\/fdnoaxaca.net\/index.php\/wp-json\/wp\/v2\/media?parent=8660"}],"wp:term":[{"taxonomy":"category","embeddable":true,"href":"https:\/\/fdnoaxaca.net\/index.php\/wp-json\/wp\/v2\/categories?post=8660"},{"taxonomy":"post_tag","embeddable":true,"href":"https:\/\/fdnoaxaca.net\/index.php\/wp-json\/wp\/v2\/tags?post=8660"}],"curies":[{"name":"wp","href":"https:\/\/api.w.org\/{rel}","templated":true}]}}