{"id":8694,"date":"2021-10-12T22:49:40","date_gmt":"2021-10-12T22:49:40","guid":{"rendered":"https:\/\/fdnoaxaca.net\/?p=8694"},"modified":"2021-10-12T22:49:44","modified_gmt":"2021-10-12T22:49:44","slug":"comparecen-ante-el-congreso-aspirantes-a-magistrados-del-tribunal-de-justicia-de-oaxaca","status":"publish","type":"post","link":"https:\/\/fdnoaxaca.net\/index.php\/2021\/10\/12\/comparecen-ante-el-congreso-aspirantes-a-magistrados-del-tribunal-de-justicia-de-oaxaca\/","title":{"rendered":"Comparecen ante el Congreso aspirantes a magistrados del Tribunal de Justicia de Oaxaca"},"content":{"rendered":"\n<p>San Raymundo Jalpan, Oax. 12 de octubre de 2021.- En el Congreso de Oaxaca se realiz\u00f3 el proceso de comparecencias de los aspirantes a magistrados del Tribunal Superior de Justicia del Estado. <\/p>\n\n\n\n<p>La Comisi\u00f3n Permanente de Administraci\u00f3n y Procuraci\u00f3n de Justicia de la 64 Legislatura, fue la encargada de llevar a cabo las entrevistas de las personas integrantes de las cinco ternas enviadas por el titular del Poder Ejecutivo del Estado.<\/p>\n\n\n\n<p>Los aspirantes fueron Juan Carlos D\u00edaz Carranza, Kyryat Masedany Flores S\u00e1nchez, Genaro Cruz Cruz, Jorge Armando F\u00e9lix Toledano, Alejandro Magno Gonz\u00e1lez Antonio, Oswaldo Pacheco Ram\u00edrez, Berenice Ram\u00edrez Jim\u00e9nez, Manlio Rigoberto Hern\u00e1ndez Dom\u00ednguez y Mar\u00eda Antonia Esteva Dom\u00ednguez.<\/p>\n\n\n\n<p>La cuarta y quinta terna estuvo conformada exclusivamente por mujeres, ellas fueron Elizabeth Roxana L\u00f3pez Luna, Joanna Vasconcelos S\u00e1nchez, Elvira Morales P\u00e9rez, Irina Cabrera Gir\u00f3n, Sof\u00eda Altamirano Rueda y Floribelia Vargas Quero.<\/p>\n\n\n\n<p>Los aspirantes expusieron ante la Comisi\u00f3n sus propuestas para ejercer una pronta y expedita aplicaci\u00f3n de la justicia a beneficio de la ciudadan\u00eda oaxaque\u00f1a, as\u00ed como sus motivos profesionales por los cuales consideran ser id\u00f3neos para el cargo de magistrado. <\/p>\n\n\n\n<p>La Comisi\u00f3n Permanente de Administraci\u00f3n y Procuraci\u00f3n de Justicia es presidida por la diputada Elisa Zepeda Lagunas e integrada por las diputadas Karina Espino Carmona, Magaly L\u00f3pez Dom\u00ednguez, Mar\u00eda Lilia Arcelia Mendoza Cruz y el legislador No\u00e9 Doroteo Castillejos.<\/p>\n","protected":false},"excerpt":{"rendered":"<p>San Raymundo Jalpan, Oax. 12 de octubre de 2021.- En el Congreso de Oaxaca se realiz\u00f3 el proceso de comparecencias de los aspirantes a magistrados del Tribunal Superior de Justicia del Estado. La Comisi\u00f3n Permanente de Administraci\u00f3n y Procuraci\u00f3n de Justicia de la 64 Legislatura, fue la encargada de llevar a cabo las entrevistas de&#8230;<\/p>\n","protected":false},"author":4,"featured_media":8695,"comment_status":"closed","ping_status":"closed","sticky":false,"template":"","format":"standard","meta":{"footnotes":""},"categories":[4],"tags":[],"class_list":["post-8694","post","type-post","status-publish","format-standard","has-post-thumbnail","hentry","category-general"],"_links":{"self":[{"href":"https:\/\/fdnoaxaca.net\/index.php\/wp-json\/wp\/v2\/posts\/8694","targetHints":{"allow":["GET"]}}],"collection":[{"href":"https:\/\/fdnoaxaca.net\/index.php\/wp-json\/wp\/v2\/posts"}],"about":[{"href":"https:\/\/fdnoaxaca.net\/index.php\/wp-json\/wp\/v2\/types\/post"}],"author":[{"embeddable":true,"href":"https:\/\/fdnoaxaca.net\/index.php\/wp-json\/wp\/v2\/users\/4"}],"replies":[{"embeddable":true,"href":"https:\/\/fdnoaxaca.net\/index.php\/wp-json\/wp\/v2\/comments?post=8694"}],"version-history":[{"count":1,"href":"https:\/\/fdnoaxaca.net\/index.php\/wp-json\/wp\/v2\/posts\/8694\/revisions"}],"predecessor-version":[{"id":8696,"href":"https:\/\/fdnoaxaca.net\/index.php\/wp-json\/wp\/v2\/posts\/8694\/revisions\/8696"}],"wp:featuredmedia":[{"embeddable":true,"href":"https:\/\/fdnoaxaca.net\/index.php\/wp-json\/wp\/v2\/media\/8695"}],"wp:attachment":[{"href":"https:\/\/fdnoaxaca.net\/index.php\/wp-json\/wp\/v2\/media?parent=8694"}],"wp:term":[{"taxonomy":"category","embeddable":true,"href":"https:\/\/fdnoaxaca.net\/index.php\/wp-json\/wp\/v2\/categories?post=8694"},{"taxonomy":"post_tag","embeddable":true,"href":"https:\/\/fdnoaxaca.net\/index.php\/wp-json\/wp\/v2\/tags?post=8694"}],"curies":[{"name":"wp","href":"https:\/\/api.w.org\/{rel}","templated":true}]}}