{"id":8697,"date":"2021-10-13T01:21:00","date_gmt":"2021-10-13T01:21:00","guid":{"rendered":"https:\/\/fdnoaxaca.net\/?p=8697"},"modified":"2021-10-13T01:21:03","modified_gmt":"2021-10-13T01:21:03","slug":"vinculan-a-proceso-a-mujer-detenida-durante-rescate-de-adolescentes-secuestrados","status":"publish","type":"post","link":"https:\/\/fdnoaxaca.net\/index.php\/2021\/10\/13\/vinculan-a-proceso-a-mujer-detenida-durante-rescate-de-adolescentes-secuestrados\/","title":{"rendered":"Vinculan a proceso a mujer detenida durante rescate de adolescentes secuestrados"},"content":{"rendered":"\n<p>Oaxaca de Ju\u00e1rez, Oax., 12 de octubre de 2021.- La mujer detenida el s\u00e1bado en Oaxaca durante el rescate de adolescentes secuestrados, fue vinculada a proceso, inform\u00f3 la Fiscal\u00eda General de Justicia del Estado. <\/p>\n\n\n\n<p>El Juzgado de Control otorg\u00f3 prisi\u00f3n hasta resolver su situaci\u00f3n jur\u00eddica, a la mujer identificada como M. A. O. A., probable responsable del delito de trata de personas agravado en su modalidad de explotaci\u00f3n laboral, en agravio de tres menores de edad, cometido el s\u00e1bado 9 de octubre, en la regi\u00f3n de Valles Centrales.<\/p>\n\n\n\n<p>De acuerdo con la carpeta de investigaci\u00f3n 33350\/FVCE\/TLACOLULA\/2021, en agosto de 2021, uno de los menores de edad fue contactado por un individuo desconocido a trav\u00e9s de la red social &#8220;Facebook&#8221;, quien le ofreci\u00f3 trabajo y un elevado sueldo para laborar como vigilante en la ciudad de Monterrey, en el estado de Nuevo Le\u00f3n. En fechas posteriores, capt\u00f3 con el mismo fin a otros dos menores de edad.<\/p>\n\n\n\n<p>Posteriormente, el 9 de octubre del a\u00f1o en curso, la imputada aloj\u00f3 a las tres v\u00edctimas en un domicilio ubicado en inmediaciones de la colonia Santa Cecilia, en jurisdicci\u00f3n de Santa Luc\u00eda del Camino, para posteriormente trasladarlos en autob\u00fas a la Ciudad de M\u00e9xico y de ah\u00ed, a Nuevo Le\u00f3n, con el fin de explotarlos laboralmente.<\/p>\n\n\n\n<p>Sin embargo, debido a un despliegue de b\u00fasqueda coordinado con las familias de los menores, la Fiscal\u00eda localiz\u00f3 a los adolescentes y rescat\u00f3 en esa misma fecha. <\/p>\n\n\n\n<p>Adem\u00e1s detuvo a la probable responsable, y en audiencia ante el Juez, la imputada solicit\u00f3 ampliaci\u00f3n del t\u00e9rmino constitucional, mismo que fenece el 17 de octubre, por lo que qued\u00f3 en prisi\u00f3n preventiva de manera provisional.<\/p>\n\n\n\n<p>Los menores de edad fueron contactados virtualmente a trav\u00e9s del videojuego free fire, de acuerdo con los familiares.<\/p>\n","protected":false},"excerpt":{"rendered":"<p>Oaxaca de Ju\u00e1rez, Oax., 12 de octubre de 2021.- La mujer detenida el s\u00e1bado en Oaxaca durante el rescate de adolescentes secuestrados, fue vinculada a proceso, inform\u00f3 la Fiscal\u00eda General de Justicia del Estado. El Juzgado de Control otorg\u00f3 prisi\u00f3n hasta resolver su situaci\u00f3n jur\u00eddica, a la mujer identificada como M. A. O. A., probable&#8230;<\/p>\n","protected":false},"author":4,"featured_media":8554,"comment_status":"closed","ping_status":"closed","sticky":false,"template":"","format":"standard","meta":{"footnotes":""},"categories":[49],"tags":[],"class_list":["post-8697","post","type-post","status-publish","format-standard","has-post-thumbnail","hentry","category-titulares"],"_links":{"self":[{"href":"https:\/\/fdnoaxaca.net\/index.php\/wp-json\/wp\/v2\/posts\/8697","targetHints":{"allow":["GET"]}}],"collection":[{"href":"https:\/\/fdnoaxaca.net\/index.php\/wp-json\/wp\/v2\/posts"}],"about":[{"href":"https:\/\/fdnoaxaca.net\/index.php\/wp-json\/wp\/v2\/types\/post"}],"author":[{"embeddable":true,"href":"https:\/\/fdnoaxaca.net\/index.php\/wp-json\/wp\/v2\/users\/4"}],"replies":[{"embeddable":true,"href":"https:\/\/fdnoaxaca.net\/index.php\/wp-json\/wp\/v2\/comments?post=8697"}],"version-history":[{"count":1,"href":"https:\/\/fdnoaxaca.net\/index.php\/wp-json\/wp\/v2\/posts\/8697\/revisions"}],"predecessor-version":[{"id":8698,"href":"https:\/\/fdnoaxaca.net\/index.php\/wp-json\/wp\/v2\/posts\/8697\/revisions\/8698"}],"wp:featuredmedia":[{"embeddable":true,"href":"https:\/\/fdnoaxaca.net\/index.php\/wp-json\/wp\/v2\/media\/8554"}],"wp:attachment":[{"href":"https:\/\/fdnoaxaca.net\/index.php\/wp-json\/wp\/v2\/media?parent=8697"}],"wp:term":[{"taxonomy":"category","embeddable":true,"href":"https:\/\/fdnoaxaca.net\/index.php\/wp-json\/wp\/v2\/categories?post=8697"},{"taxonomy":"post_tag","embeddable":true,"href":"https:\/\/fdnoaxaca.net\/index.php\/wp-json\/wp\/v2\/tags?post=8697"}],"curies":[{"name":"wp","href":"https:\/\/api.w.org\/{rel}","templated":true}]}}