{"id":8750,"date":"2021-10-21T19:42:37","date_gmt":"2021-10-21T19:42:37","guid":{"rendered":"https:\/\/fdnoaxaca.net\/?p=8750"},"modified":"2021-10-21T19:42:41","modified_gmt":"2021-10-21T19:42:41","slug":"ordena-congreso-creacion-de-padron-de-menores-de-edad-en-orfandad-por-emergencia-sanitaria","status":"publish","type":"post","link":"https:\/\/fdnoaxaca.net\/index.php\/2021\/10\/21\/ordena-congreso-creacion-de-padron-de-menores-de-edad-en-orfandad-por-emergencia-sanitaria\/","title":{"rendered":"Ordena Congreso creaci\u00f3n de padr\u00f3n de menores de edad en orfandad por emergencia sanitaria"},"content":{"rendered":"\n<p>San Raymundo Jalpan, Oax. 21 de octubre de 2021.- El Congreso de Oaxaca aprob\u00f3 la creaci\u00f3n de un padr\u00f3n estatal de ni\u00f1os y adolescentes en estado de orfandad por el fallecimiento de su madre, padre o tutor, o de quien ejerza su guarda, durante una emergencia sanitaria, natural o desastre ecol\u00f3gico.<\/p>\n\n\n\n<p>De esta manera el Poder Legislativo garantiza que el Estado y los municipios coordinen esfuerzos para dar cumplimiento a sus obligaciones de protecci\u00f3n de los derechos humanos de toda la ni\u00f1ez y la juventud que se encuentre en esta situaci\u00f3n desfavorable.<\/p>\n\n\n\n<p>Ahora el Estado deber\u00e1 desarrollar de manera prioritaria e inmediata, la protecci\u00f3n, asistencia integral, el ejercicio, respeto, y promoci\u00f3n de los derechos de este sector. Adem\u00e1s, prever e implementar las acciones, programas y mecanismos que les permitan un crecimiento y desarrollo pleno, en concordancia con el principio de inter\u00e9s superior de la ni\u00f1ez.<\/p>\n\n\n\n<p>Lo anterior, mediante una reforma realizada a la Ley Estatal de Ni\u00f1os, Ni\u00f1as y Adolescentes del Estado de Oaxaca, en sus art\u00edculos 13, 80, 109, 81 Bis, 81 Ter y 81 Qu\u00e1ter.<\/p>\n\n\n\n<p>Ser\u00e1 el Sistema para el Desarrollo Integral de la Familia (DIF) Estatal, en coordinaci\u00f3n con la Secretar\u00eda Ejecutiva del Sistema Local de Protecci\u00f3n de Ni\u00f1as, Ni\u00f1os y Adolescentes, los organismos encargados de generar y actualizar este padr\u00f3n.<\/p>\n\n\n\n<p>La informaci\u00f3n contenida ser\u00e1 confidencial en lo relativo a la protecci\u00f3n de datos personales y solo podr\u00e1 ser p\u00fablico en lo que refiera a datos de car\u00e1cter estad\u00edstico, para fines de medici\u00f3n y evaluaci\u00f3n.<\/p>\n\n\n\n<p>Entre otras disposiciones se instituye que las autoridades de los tres niveles y \u00f3rdenes de gobierno que tengan conocimiento de que un menor de edad se encuentre en estado de orfandad, tendr\u00e1n la obligaci\u00f3n de informar a las instituciones correspondientes. <\/p>\n\n\n\n<p>Esta adecuaci\u00f3n jur\u00eddica aprobada por la 64 Legislatura local, fue promovida por las diputadas del Grupo Parlamentario de Morena, Juana Aguilar Espinoza e Hilda Graciela P\u00e9rez Luis, y dictaminada en la Comisi\u00f3n Permanente de Grupos en Situaci\u00f3n de Vulnerabilidad.<\/p>\n","protected":false},"excerpt":{"rendered":"<p>San Raymundo Jalpan, Oax. 21 de octubre de 2021.- El Congreso de Oaxaca aprob\u00f3 la creaci\u00f3n de un padr\u00f3n estatal de ni\u00f1os y adolescentes en estado de orfandad por el fallecimiento de su madre, padre o tutor, o de quien ejerza su guarda, durante una emergencia sanitaria, natural o desastre ecol\u00f3gico. De esta manera el&#8230;<\/p>\n","protected":false},"author":4,"featured_media":8751,"comment_status":"closed","ping_status":"closed","sticky":false,"template":"","format":"standard","meta":{"footnotes":""},"categories":[49],"tags":[],"class_list":["post-8750","post","type-post","status-publish","format-standard","has-post-thumbnail","hentry","category-titulares"],"_links":{"self":[{"href":"https:\/\/fdnoaxaca.net\/index.php\/wp-json\/wp\/v2\/posts\/8750","targetHints":{"allow":["GET"]}}],"collection":[{"href":"https:\/\/fdnoaxaca.net\/index.php\/wp-json\/wp\/v2\/posts"}],"about":[{"href":"https:\/\/fdnoaxaca.net\/index.php\/wp-json\/wp\/v2\/types\/post"}],"author":[{"embeddable":true,"href":"https:\/\/fdnoaxaca.net\/index.php\/wp-json\/wp\/v2\/users\/4"}],"replies":[{"embeddable":true,"href":"https:\/\/fdnoaxaca.net\/index.php\/wp-json\/wp\/v2\/comments?post=8750"}],"version-history":[{"count":1,"href":"https:\/\/fdnoaxaca.net\/index.php\/wp-json\/wp\/v2\/posts\/8750\/revisions"}],"predecessor-version":[{"id":8752,"href":"https:\/\/fdnoaxaca.net\/index.php\/wp-json\/wp\/v2\/posts\/8750\/revisions\/8752"}],"wp:featuredmedia":[{"embeddable":true,"href":"https:\/\/fdnoaxaca.net\/index.php\/wp-json\/wp\/v2\/media\/8751"}],"wp:attachment":[{"href":"https:\/\/fdnoaxaca.net\/index.php\/wp-json\/wp\/v2\/media?parent=8750"}],"wp:term":[{"taxonomy":"category","embeddable":true,"href":"https:\/\/fdnoaxaca.net\/index.php\/wp-json\/wp\/v2\/categories?post=8750"},{"taxonomy":"post_tag","embeddable":true,"href":"https:\/\/fdnoaxaca.net\/index.php\/wp-json\/wp\/v2\/tags?post=8750"}],"curies":[{"name":"wp","href":"https:\/\/api.w.org\/{rel}","templated":true}]}}