{"id":8981,"date":"2021-11-09T16:49:59","date_gmt":"2021-11-09T16:49:59","guid":{"rendered":"https:\/\/fdnoaxaca.net\/?p=8981"},"modified":"2021-11-09T16:50:02","modified_gmt":"2021-11-09T16:50:02","slug":"invitan-a-taller-sobre-documentos-fonograficos-y-su-catalogacion","status":"publish","type":"post","link":"https:\/\/fdnoaxaca.net\/index.php\/2021\/11\/09\/invitan-a-taller-sobre-documentos-fonograficos-y-su-catalogacion\/","title":{"rendered":"Invitan a taller sobre documentos fonogr\u00e1ficos y su catalogaci\u00f3n"},"content":{"rendered":"\n<p>Oaxaca de Ju\u00e1rez, Oax. 9 de noviembre de 2021.- El Archivo General del Estado de Oaxaca (AGEO) invita al taller de capacitaci\u00f3n &#8216;Norma mexicana NMX-R-002-SCFI-2011 Documentos Fonogr\u00e1ficos \u2013 Lineamientos para su catalogaci\u00f3n&#8217;, a realizarse este mes. <\/p>\n\n\n\n<p>El objetivo es fomentar la cultura archiv\u00edstica, promover la administraci\u00f3n eficiente de los archivos p\u00fablicos, la capacitaci\u00f3n en las competencias laborales y la profesionalizaci\u00f3n de los responsables de las \u00e1reas de archivo. <\/p>\n\n\n\n<p>El taller ser\u00e1 en el Archivo General del Estado de Oaxaca este 10 y 11 de noviembre, de 8:00 a 10:00 horas, por la plataforma Zoom. <\/p>\n\n\n\n<p>Este curso virtual, tiene como objetivo principal brindar conocimientos te\u00f3ricos y pr\u00e1cticos en materia de catalogaci\u00f3n de documentos fonogr\u00e1ficos, as\u00ed como tambi\u00e9n, compartir con los asistentes los modelos de catalogaci\u00f3n que las fonotecas del estado de Oaxaca aplican, para compararlos con los campos de la Norma Mexicana de Catalogaci\u00f3n de Acervos Fonogr\u00e1ficos; retroalimentar experiencias para mejorar el proceso de catalogaci\u00f3n de las instituciones que tienen acervos fonogr\u00e1ficos en Oaxaca y elaborar un formato est\u00e1ndar para el estado.<\/p>\n\n\n\n<p>El taller ser\u00e1 impartido por Yolia Tortolero, quien colabor\u00f3 por varios a\u00f1os en el Archivo General de la Naci\u00f3n como Directora del Archivo Hist\u00f3rico Central, Jefa del Registro Nacional de Archivos y Directora de Investigaci\u00f3n y Normatividad Archiv\u00edstica, adem\u00e1s de haber sido integrante del Comit\u00e9 Mexicano de la Memoria del Mundo, por parte de la UNESCO y Asesora de la Presidencia de la Asociaci\u00f3n Latinoamericana de Archivos. <\/p>\n\n\n\n<p>Tambi\u00e9n se desempe\u00f1\u00f3 como subdirectora en el Archivo General del Estado de Oaxaca y actualmente es profesora de la maestr\u00eda en Archiv\u00edstica y Sistemas de Gesti\u00f3n Documental, de la Universidad Andina Sim\u00f3n Bol\u00edvar, de Ecuador.<\/p>\n\n\n\n<p>El cupo es limitado y est\u00e1 dirigido espec\u00edficamente a responsables de fonotecas o archivos que tengan, custodien o reciban acervos y materiales fonogr\u00e1ficos.<\/p>\n\n\n\n<p>Mayores informes e inscripciones en el Departamento de Reprograf\u00eda del Archivo General del Estado de Oaxaca, con Stella Camargo, al tel\u00e9fono (951) 134 45 70 o al correo electr\u00f3nico luzstellacamargo@oaxaca.gob.mx<\/p>\n","protected":false},"excerpt":{"rendered":"<p>Oaxaca de Ju\u00e1rez, Oax. 9 de noviembre de 2021.- El Archivo General del Estado de Oaxaca (AGEO) invita al taller de capacitaci\u00f3n &#8216;Norma mexicana NMX-R-002-SCFI-2011 Documentos Fonogr\u00e1ficos \u2013 Lineamientos para su catalogaci\u00f3n&#8217;, a realizarse este mes. El objetivo es fomentar la cultura archiv\u00edstica, promover la administraci\u00f3n eficiente de los archivos p\u00fablicos, la capacitaci\u00f3n en las&#8230;<\/p>\n","protected":false},"author":4,"featured_media":8982,"comment_status":"closed","ping_status":"closed","sticky":false,"template":"","format":"standard","meta":{"footnotes":""},"categories":[4],"tags":[],"class_list":["post-8981","post","type-post","status-publish","format-standard","has-post-thumbnail","hentry","category-general"],"_links":{"self":[{"href":"https:\/\/fdnoaxaca.net\/index.php\/wp-json\/wp\/v2\/posts\/8981","targetHints":{"allow":["GET"]}}],"collection":[{"href":"https:\/\/fdnoaxaca.net\/index.php\/wp-json\/wp\/v2\/posts"}],"about":[{"href":"https:\/\/fdnoaxaca.net\/index.php\/wp-json\/wp\/v2\/types\/post"}],"author":[{"embeddable":true,"href":"https:\/\/fdnoaxaca.net\/index.php\/wp-json\/wp\/v2\/users\/4"}],"replies":[{"embeddable":true,"href":"https:\/\/fdnoaxaca.net\/index.php\/wp-json\/wp\/v2\/comments?post=8981"}],"version-history":[{"count":1,"href":"https:\/\/fdnoaxaca.net\/index.php\/wp-json\/wp\/v2\/posts\/8981\/revisions"}],"predecessor-version":[{"id":8983,"href":"https:\/\/fdnoaxaca.net\/index.php\/wp-json\/wp\/v2\/posts\/8981\/revisions\/8983"}],"wp:featuredmedia":[{"embeddable":true,"href":"https:\/\/fdnoaxaca.net\/index.php\/wp-json\/wp\/v2\/media\/8982"}],"wp:attachment":[{"href":"https:\/\/fdnoaxaca.net\/index.php\/wp-json\/wp\/v2\/media?parent=8981"}],"wp:term":[{"taxonomy":"category","embeddable":true,"href":"https:\/\/fdnoaxaca.net\/index.php\/wp-json\/wp\/v2\/categories?post=8981"},{"taxonomy":"post_tag","embeddable":true,"href":"https:\/\/fdnoaxaca.net\/index.php\/wp-json\/wp\/v2\/tags?post=8981"}],"curies":[{"name":"wp","href":"https:\/\/api.w.org\/{rel}","templated":true}]}}