{"id":9043,"date":"2021-11-17T21:23:25","date_gmt":"2021-11-17T21:23:25","guid":{"rendered":"https:\/\/fdnoaxaca.net\/?p=9043"},"modified":"2021-11-17T21:23:29","modified_gmt":"2021-11-17T21:23:29","slug":"integra-65-legislatura-junta-de-coordinacion-politica","status":"publish","type":"post","link":"https:\/\/fdnoaxaca.net\/index.php\/2021\/11\/17\/integra-65-legislatura-junta-de-coordinacion-politica\/","title":{"rendered":"Integra 65 Legislatura Junta de Coordinaci\u00f3n Pol\u00edtica"},"content":{"rendered":"\n<p>San Raymundo Jalpan, Oax. 17 de noviembre de 2021.- Ante el Pleno de la 65 Legislatura del Congreso de Oaxaca, tomaron protesta los nuevos integrantes de la Junta de Coordinaci\u00f3n Pol\u00edtica, \u00f3rgano de gobierno encargado de la vida interna del Poder Legislativo.<\/p>\n\n\n\n<p>En t\u00e9rminos del art\u00edculo 44 de la Ley Org\u00e1nica del Poder Legislativo, la diputada Laura Estrada Mauro, coordinadora del Grupo Parlamentario de Morena, asumi\u00f3 la  presidencia de la Junta.<\/p>\n\n\n\n<p>Como integrantes quedaron Alejandro Avil\u00e9s \u00c1lvarez, coordinador del PRI; V\u00edctor Hern\u00e1ndez L\u00f3pez, coordinador del PRD, Natividad D\u00edaz Jim\u00e9nez, del PAN y No\u00e9 Doroteo Castillejos, del PT.<\/p>\n\n\n\n<figure class=\"wp-block-image\"><img loading=\"lazy\" decoding=\"async\" width=\"1024\" height=\"632\" src=\"https:\/\/fdnoaxaca.net\/wp-content\/uploads\/2021\/11\/FOTO-2-Integra-65-Legislatura-Junta-de-Coordinaci\u00f3n-Pol\u00edtica-asume-presidencia-Laura-Estrada-Mauro-1024x632.jpg\" alt=\"\" class=\"wp-image-9045\" srcset=\"https:\/\/fdnoaxaca.net\/wp-content\/uploads\/2021\/11\/FOTO-2-Integra-65-Legislatura-Junta-de-Coordinaci\u00f3n-Pol\u00edtica-asume-presidencia-Laura-Estrada-Mauro-1024x632.jpg 1024w, https:\/\/fdnoaxaca.net\/wp-content\/uploads\/2021\/11\/FOTO-2-Integra-65-Legislatura-Junta-de-Coordinaci\u00f3n-Pol\u00edtica-asume-presidencia-Laura-Estrada-Mauro-300x185.jpg 300w, https:\/\/fdnoaxaca.net\/wp-content\/uploads\/2021\/11\/FOTO-2-Integra-65-Legislatura-Junta-de-Coordinaci\u00f3n-Pol\u00edtica-asume-presidencia-Laura-Estrada-Mauro-768x474.jpg 768w, https:\/\/fdnoaxaca.net\/wp-content\/uploads\/2021\/11\/FOTO-2-Integra-65-Legislatura-Junta-de-Coordinaci\u00f3n-Pol\u00edtica-asume-presidencia-Laura-Estrada-Mauro.jpg 2045w\" sizes=\"auto, (max-width: 1024px) 100vw, 1024px\" \/><\/figure>\n\n\n\n<p>Entre sus atribuciones, conducir\u00e1 las relaciones pol\u00edticas del Congreso con los otros dos Poderes del Estado, los gobiernos de los dem\u00e1s estados de la Federaci\u00f3n, los ayuntamientos y concejos municipales de los municipios del estado, as\u00ed como los Poderes de la Uni\u00f3n. <\/p>\n\n\n\n<p>Tambi\u00e9n, proponer al Pleno la sustituci\u00f3n de los integrantes de las comisiones, en t\u00e9rminos de lo dispuesto por la Ley Org\u00e1nica y su Reglamento. La Jucopo tambi\u00e9n avala la conformaci\u00f3n de comisiones especiales, as\u00ed como a los diputados que deban integrarlas.<\/p>\n\n\n\n<p>As\u00ed mismo, designar a diputados que representen al Congreso en reuniones relacionadas con el trabajo legislativo, que sean realizadas fuera del Recinto Legislativo.<\/p>\n\n\n\n<p>En la primera sesi\u00f3n ordinaria correspondiente al primer periodo de sesiones, toc\u00f3 a la presidenta de la Mesa Directiva, Mariana Ben\u00edtez Tiburcio, tomar protesta de ley a los integrantes de la Junta de Coordinaci\u00f3n Pol\u00edtica.<\/p>\n\n\n\n<p>Al inicio de la plenaria se emiti\u00f3 la declaratoria de la constituci\u00f3n de Morena, Partido Revolucionario Institucional, Partido de la Revoluci\u00f3n Democr\u00e1tica, Partido Acci\u00f3n Nacional y Partido del Trabajo, como Grupos Parlamentarios que conforman la 65 Legislatura Constitucional del Congreso de Oaxaca. <\/p>\n","protected":false},"excerpt":{"rendered":"<p>San Raymundo Jalpan, Oax. 17 de noviembre de 2021.- Ante el Pleno de la 65 Legislatura del Congreso de Oaxaca, tomaron protesta los nuevos integrantes de la Junta de Coordinaci\u00f3n Pol\u00edtica, \u00f3rgano de gobierno encargado de la vida interna del Poder Legislativo. En t\u00e9rminos del art\u00edculo 44 de la Ley Org\u00e1nica del Poder Legislativo, la&#8230;<\/p>\n","protected":false},"author":4,"featured_media":9044,"comment_status":"closed","ping_status":"closed","sticky":false,"template":"","format":"standard","meta":{"footnotes":""},"categories":[4],"tags":[],"class_list":["post-9043","post","type-post","status-publish","format-standard","has-post-thumbnail","hentry","category-general"],"_links":{"self":[{"href":"https:\/\/fdnoaxaca.net\/index.php\/wp-json\/wp\/v2\/posts\/9043","targetHints":{"allow":["GET"]}}],"collection":[{"href":"https:\/\/fdnoaxaca.net\/index.php\/wp-json\/wp\/v2\/posts"}],"about":[{"href":"https:\/\/fdnoaxaca.net\/index.php\/wp-json\/wp\/v2\/types\/post"}],"author":[{"embeddable":true,"href":"https:\/\/fdnoaxaca.net\/index.php\/wp-json\/wp\/v2\/users\/4"}],"replies":[{"embeddable":true,"href":"https:\/\/fdnoaxaca.net\/index.php\/wp-json\/wp\/v2\/comments?post=9043"}],"version-history":[{"count":1,"href":"https:\/\/fdnoaxaca.net\/index.php\/wp-json\/wp\/v2\/posts\/9043\/revisions"}],"predecessor-version":[{"id":9046,"href":"https:\/\/fdnoaxaca.net\/index.php\/wp-json\/wp\/v2\/posts\/9043\/revisions\/9046"}],"wp:featuredmedia":[{"embeddable":true,"href":"https:\/\/fdnoaxaca.net\/index.php\/wp-json\/wp\/v2\/media\/9044"}],"wp:attachment":[{"href":"https:\/\/fdnoaxaca.net\/index.php\/wp-json\/wp\/v2\/media?parent=9043"}],"wp:term":[{"taxonomy":"category","embeddable":true,"href":"https:\/\/fdnoaxaca.net\/index.php\/wp-json\/wp\/v2\/categories?post=9043"},{"taxonomy":"post_tag","embeddable":true,"href":"https:\/\/fdnoaxaca.net\/index.php\/wp-json\/wp\/v2\/tags?post=9043"}],"curies":[{"name":"wp","href":"https:\/\/api.w.org\/{rel}","templated":true}]}}