{"id":9079,"date":"2021-12-05T04:37:18","date_gmt":"2021-12-05T04:37:18","guid":{"rendered":"https:\/\/fdnoaxaca.net\/?p=9079"},"modified":"2021-12-05T04:37:21","modified_gmt":"2021-12-05T04:37:21","slug":"acredita-teeo-violencia-politica-en-contra-de-regidoras-de-concepcion-papalo","status":"publish","type":"post","link":"https:\/\/fdnoaxaca.net\/index.php\/2021\/12\/05\/acredita-teeo-violencia-politica-en-contra-de-regidoras-de-concepcion-papalo\/","title":{"rendered":"Acredita TEEO violencia pol\u00edtica en contra de regidoras de Concepci\u00f3n P\u00e1palo"},"content":{"rendered":"\n<p>Oaxaca de Ju\u00e1rez, Oax. 4 de diciembre de 2021.- El Pleno del Tribunal Electoral del Estado de Oaxaca (TEEO) acredit\u00f3 la violencia pol\u00edtica en raz\u00f3n de g\u00e9nero denunciada por las regidoras de Educaci\u00f3n y de Seguridad P\u00fablica de Concepci\u00f3n P\u00e1palo, F\u00e1tima Jocelyn Mariscal Sandoval y Leticia Z\u00fa\u00f1iga Miranda, respectivamente; cometida por la presidenta y el s\u00edndico municipal de esa localidad.<\/p>\n\n\n\n<p>En la resoluci\u00f3n del Juicio para la Protecci\u00f3n de los Derechos Pol\u00edtico Electorales de la Ciudadan\u00eda en el R\u00e9gimen de Sistemas Normativos Internos, identificado con la clave: JDCI\/78\/2021; se\u00f1al\u00f3 que las actoras han sido objeto de acciones, como: el desconocimiento de sus cargos; la omisi\u00f3n de convocarlas a sesiones de cabildo; de pagarles sus dietas; de proporcionarles recursos humanos y materiales, as\u00ed como, de proporcionarles la informaci\u00f3n que guarda la Hacienda P\u00fablica municipal.<\/p>\n\n\n\n<p>Los magistrados de este \u00d3rgano Jurisdiccional advirtieron que estas conductas tuvieron el prop\u00f3sito de denostar a las regidoras, y evidenciar que son incapaces de ocupar un cargo por el simple hecho de ser mujeres j\u00f3venes, lo que, desde luego, result\u00f3 en una afectaci\u00f3n al ejercicio del cargo para el cual fueron electas.<\/p>\n\n\n\n<p>Adem\u00e1s, expusieron en esta sentencia, qued\u00f3 acreditado que las autoridades responsables les han reprochado que son sus superiores jer\u00e1rquicos y que, por tanto, son innecesarias en la vida del ayuntamiento, lo cual tiende a menoscabar el desempe\u00f1o de sus cargos como regidoras.<\/p>\n\n\n\n<p>El Pleno argument\u00f3 que, bajo este an\u00e1lisis, se satisfacen los cinco elementos contemplados en el protocolo para la atenci\u00f3n de la violencia pol\u00edtica contra las mujeres en raz\u00f3n de g\u00e9nero.<\/p>\n\n\n\n<p>En consecuencia, este Tribunal dict\u00f3 las medidas id\u00f3neas para garantizar la reparaci\u00f3n integral del da\u00f1o en favor de las regidoras de Concepci\u00f3n P\u00e1palo, tales como, la emisi\u00f3n de medidas de no repetici\u00f3n, satisfacci\u00f3n, rehabilitaci\u00f3n, e indemnizaci\u00f3n.<\/p>\n\n\n\n<p>Ordena reabrir queja sobre proceso electoral de gubernatura<\/p>\n\n\n\n<p>En la misma sesi\u00f3n realizada mediante videoconferencia, los magistrados del TEEO ordenaron al Instituto Estatal Electoral y de Participaci\u00f3n Ciudadana de Oaxaca (IEEPCO) dicte, de no advertir alguna causal de improcedencia; el acuerdo de admisi\u00f3n correspondiente a la queja presentada por la ciudadana Vianey P\u00e9rez Guti\u00e9rrez, por presuntas faltas electorales en el marco del proceso electoral para la renovaci\u00f3n de la gubernatura en el estado; e instruya el procedimiento especial sancionador.<\/p>\n\n\n\n<p>Mediante el juicio ciudadano identificado con la clave JDC\/276\/2021, el Pleno revoc\u00f3 el acuerdo CQDPCE\/CA\/175\/2021 de la Comisi\u00f3n de Quejas y Denuncias o Procedimiento Contencioso Electoral del IEEPCO, por el que desech\u00f3 esta queja.<\/p>\n\n\n\n<p>Refiri\u00f3 que dicha Comisi\u00f3n exigi\u00f3, de manera err\u00f3nea, a la actora, presentara el o los documentos con los cuales acreditara su personer\u00eda; a lo que no estaba obligada, ya que promovi\u00f3 la queja por su propio derecho, de ah\u00ed que no se encontraba en el supuesto que exige la norma electoral.<\/p>\n","protected":false},"excerpt":{"rendered":"<p>Oaxaca de Ju\u00e1rez, Oax. 4 de diciembre de 2021.- El Pleno del Tribunal Electoral del Estado de Oaxaca (TEEO) acredit\u00f3 la violencia pol\u00edtica en raz\u00f3n de g\u00e9nero denunciada por las regidoras de Educaci\u00f3n y de Seguridad P\u00fablica de Concepci\u00f3n P\u00e1palo, F\u00e1tima Jocelyn Mariscal Sandoval y Leticia Z\u00fa\u00f1iga Miranda, respectivamente; cometida por la presidenta y el&#8230;<\/p>\n","protected":false},"author":4,"featured_media":8019,"comment_status":"closed","ping_status":"closed","sticky":false,"template":"","format":"standard","meta":{"footnotes":""},"categories":[49],"tags":[],"class_list":["post-9079","post","type-post","status-publish","format-standard","has-post-thumbnail","hentry","category-titulares"],"_links":{"self":[{"href":"https:\/\/fdnoaxaca.net\/index.php\/wp-json\/wp\/v2\/posts\/9079","targetHints":{"allow":["GET"]}}],"collection":[{"href":"https:\/\/fdnoaxaca.net\/index.php\/wp-json\/wp\/v2\/posts"}],"about":[{"href":"https:\/\/fdnoaxaca.net\/index.php\/wp-json\/wp\/v2\/types\/post"}],"author":[{"embeddable":true,"href":"https:\/\/fdnoaxaca.net\/index.php\/wp-json\/wp\/v2\/users\/4"}],"replies":[{"embeddable":true,"href":"https:\/\/fdnoaxaca.net\/index.php\/wp-json\/wp\/v2\/comments?post=9079"}],"version-history":[{"count":1,"href":"https:\/\/fdnoaxaca.net\/index.php\/wp-json\/wp\/v2\/posts\/9079\/revisions"}],"predecessor-version":[{"id":9080,"href":"https:\/\/fdnoaxaca.net\/index.php\/wp-json\/wp\/v2\/posts\/9079\/revisions\/9080"}],"wp:featuredmedia":[{"embeddable":true,"href":"https:\/\/fdnoaxaca.net\/index.php\/wp-json\/wp\/v2\/media\/8019"}],"wp:attachment":[{"href":"https:\/\/fdnoaxaca.net\/index.php\/wp-json\/wp\/v2\/media?parent=9079"}],"wp:term":[{"taxonomy":"category","embeddable":true,"href":"https:\/\/fdnoaxaca.net\/index.php\/wp-json\/wp\/v2\/categories?post=9079"},{"taxonomy":"post_tag","embeddable":true,"href":"https:\/\/fdnoaxaca.net\/index.php\/wp-json\/wp\/v2\/tags?post=9079"}],"curies":[{"name":"wp","href":"https:\/\/api.w.org\/{rel}","templated":true}]}}