{"id":908,"date":"2019-06-13T14:18:22","date_gmt":"2019-06-13T14:18:22","guid":{"rendered":"http:\/\/fdnoaxaca.net\/?p=908"},"modified":"2019-06-13T14:18:26","modified_gmt":"2019-06-13T14:18:26","slug":"aprueba-congreso-inclusion-de-lenguas-maternas-en-sesiones","status":"publish","type":"post","link":"https:\/\/fdnoaxaca.net\/index.php\/2019\/06\/13\/aprueba-congreso-inclusion-de-lenguas-maternas-en-sesiones\/","title":{"rendered":"Aprueba Congreso inclusi\u00f3n de lenguas maternas en sesiones"},"content":{"rendered":"\n<p>San Raymundo Jalpan, Oax. 13 de junio de 2019.- Para garantizar la inclusi\u00f3n de los ciudadanos en la vida p\u00fablica de la entidad, el Congreso local favoreci\u00f3 la inclusi\u00f3n de las lenguas madre del estado de Oaxaca en el desarrollo de las sesiones ordinarias a partir del segundo periodo ordinario.&nbsp;<\/p>\n\n\n\n<p>Aprobado en sesi\u00f3n de la Diputaci\u00f3n Permanente, el acuerdo de la Junta de Coordinaci\u00f3n Pol\u00edtica de la 64 Legislatura precisa que para conmemorar el 2019 como \u201cA\u00f1o de las Lenguas Ind\u00edgenas\u201d, se otorgar\u00e1 un espacio en el sal\u00f3n de sesiones para que cada semana una persona invitada haga uso de la m\u00e1xima tribuna del estado.<\/p>\n\n\n\n<p>La persona tendr\u00e1 el derecho de hablar en lengua materna con el prop\u00f3sito de reconocer, proteger y promover la preservaci\u00f3n, desarrollo y uso de las lenguas originarias, con lo que reconocer\u00e1, proteger\u00e1 y promover\u00e1 los derechos ling\u00fc\u00edsticos y el uso cotidiano de su lengua.<\/p>\n\n\n\n<p>Las intervenciones en lengua materna dar\u00e1n comienzo el 1 de julio, al inicio de cada sesi\u00f3n ordinaria.<\/p>\n\n\n\n<p>Lo anterior tiene como tarea impulsar la diversidad ling\u00fc\u00edstica de la entidad, que se encuentra cada vez m\u00e1s amenazada y con un mayor n\u00famero de lenguas que desaparecen.<\/p>\n","protected":false},"excerpt":{"rendered":"<p>San Raymundo Jalpan, Oax. 13 de junio de 2019.- Para garantizar la inclusi\u00f3n de los ciudadanos en la vida p\u00fablica de la entidad, el Congreso local favoreci\u00f3 la inclusi\u00f3n de las lenguas madre del estado de Oaxaca en el desarrollo de las sesiones ordinarias a partir del segundo periodo ordinario.&nbsp; Aprobado en sesi\u00f3n de la&#8230;<\/p>\n","protected":false},"author":5,"featured_media":909,"comment_status":"closed","ping_status":"closed","sticky":false,"template":"","format":"standard","meta":{"footnotes":""},"categories":[4],"tags":[],"class_list":["post-908","post","type-post","status-publish","format-standard","has-post-thumbnail","hentry","category-general"],"_links":{"self":[{"href":"https:\/\/fdnoaxaca.net\/index.php\/wp-json\/wp\/v2\/posts\/908","targetHints":{"allow":["GET"]}}],"collection":[{"href":"https:\/\/fdnoaxaca.net\/index.php\/wp-json\/wp\/v2\/posts"}],"about":[{"href":"https:\/\/fdnoaxaca.net\/index.php\/wp-json\/wp\/v2\/types\/post"}],"author":[{"embeddable":true,"href":"https:\/\/fdnoaxaca.net\/index.php\/wp-json\/wp\/v2\/users\/5"}],"replies":[{"embeddable":true,"href":"https:\/\/fdnoaxaca.net\/index.php\/wp-json\/wp\/v2\/comments?post=908"}],"version-history":[{"count":1,"href":"https:\/\/fdnoaxaca.net\/index.php\/wp-json\/wp\/v2\/posts\/908\/revisions"}],"predecessor-version":[{"id":910,"href":"https:\/\/fdnoaxaca.net\/index.php\/wp-json\/wp\/v2\/posts\/908\/revisions\/910"}],"wp:featuredmedia":[{"embeddable":true,"href":"https:\/\/fdnoaxaca.net\/index.php\/wp-json\/wp\/v2\/media\/909"}],"wp:attachment":[{"href":"https:\/\/fdnoaxaca.net\/index.php\/wp-json\/wp\/v2\/media?parent=908"}],"wp:term":[{"taxonomy":"category","embeddable":true,"href":"https:\/\/fdnoaxaca.net\/index.php\/wp-json\/wp\/v2\/categories?post=908"},{"taxonomy":"post_tag","embeddable":true,"href":"https:\/\/fdnoaxaca.net\/index.php\/wp-json\/wp\/v2\/tags?post=908"}],"curies":[{"name":"wp","href":"https:\/\/api.w.org\/{rel}","templated":true}]}}