{"id":9195,"date":"2021-12-31T02:48:03","date_gmt":"2021-12-31T02:48:03","guid":{"rendered":"https:\/\/fdnoaxaca.net\/?p=9195"},"modified":"2021-12-31T02:48:05","modified_gmt":"2021-12-31T02:48:05","slug":"confirman-primer-caso-de-omicron-en-oaxaca","status":"publish","type":"post","link":"https:\/\/fdnoaxaca.net\/index.php\/2021\/12\/31\/confirman-primer-caso-de-omicron-en-oaxaca\/","title":{"rendered":"Confirman primer caso de \u00d3micron en Oaxaca"},"content":{"rendered":"\n<p>Oaxaca de Ju\u00e1rez, Oax. 30 de diciembre de 2021.- En Oaxaca fue confirmado este jueves un caso de la variante \u00d3micron del virus SARS-CoV-2 en la entidad.<\/p>\n\n\n\n<p>Con corte del 30 de diciembre de 2021, los Servicios de Salud de Oaxaca (SSO) recibieron la confirmaci\u00f3n por parte del Instituto de Diagn\u00f3stico y Referencia Epidemiol\u00f3gicos (InDRE). <\/p>\n\n\n\n<p>La dependencia precis\u00f3 -de manera preliminar- que la muestra fue tomada por un laboratorio privado, de ah\u00ed que, la Direcci\u00f3n General de Epidemiolog\u00eda (DGE) realizar\u00e1 el procedimiento correspondiente para obtener mayores detalles de la paciente de 26 a\u00f1os con diagn\u00f3stico positivo de B.1.1.529.<\/p>\n\n\n\n<p>Aunado a ello, este d\u00eda la diputada local Mariana Ben\u00edtez, confirm\u00f3 que dio positivo a Covid-19, y por los s\u00edntomas, podr\u00eda tratarse de esta variante \u00d3micron, por lo que podr\u00eda ser m\u00e1s de un caso ya en el estado. <\/p>\n\n\n\n<p>La dependencia de salud refiri\u00f3 que se trabaja de manera coordinada con todas las instituciones del sector salud del estado, para continuar con el muestreo gratuito de las personas, recordando que por lineamientos la prueba de RT-PCR se toma al 100% de pacientes hospitalizados y al 10% de pacientes ambulatorios, con el prop\u00f3sito de evitar la propagaci\u00f3n de la nueva variante mediante la detecci\u00f3n oportuna.<\/p>\n\n\n\n<p>Explic\u00f3 que es a trav\u00e9s de la secuenciaci\u00f3n gen\u00f3mica o an\u00e1lisis del material gen\u00e9tico del virus, que es posible determinar las variantes del Covid-19 que circulan actualmente.<\/p>\n\n\n\n<p>Sin embargo, independientemente de las que se tienen contabilizadas, todas se propagan de la misma forma, de una persona a otra, a trav\u00e9s de peque\u00f1as part\u00edculas l\u00edquidas expulsadas por alguien infectado por la boca o la nariz al toser, al estornudar, hablar, cantar o respirar, una persona puede infectarse al inhalar aerosoles o got\u00edculas que contienen el virus o que entran en contacto directo con los ojos, la nariz o la boca.<\/p>\n\n\n\n<p>Por ello, la dependencia record\u00f3 a la poblaci\u00f3n en general, aplicar las medidas preventivas, aunque tengan el esquema parcial o completo de vacunaci\u00f3n como: usar cubrebocas, mantener la higiene de manos, la sana distancia, mejorar la ventilaci\u00f3n de los espacios interiores, y evitar sitios muy concurridos.<\/p>\n","protected":false},"excerpt":{"rendered":"<p>Oaxaca de Ju\u00e1rez, Oax. 30 de diciembre de 2021.- En Oaxaca fue confirmado este jueves un caso de la variante \u00d3micron del virus SARS-CoV-2 en la entidad. Con corte del 30 de diciembre de 2021, los Servicios de Salud de Oaxaca (SSO) recibieron la confirmaci\u00f3n por parte del Instituto de Diagn\u00f3stico y Referencia Epidemiol\u00f3gicos (InDRE)&#8230;.<\/p>\n","protected":false},"author":4,"featured_media":9196,"comment_status":"closed","ping_status":"closed","sticky":false,"template":"","format":"standard","meta":{"footnotes":""},"categories":[49],"tags":[],"class_list":["post-9195","post","type-post","status-publish","format-standard","has-post-thumbnail","hentry","category-titulares"],"_links":{"self":[{"href":"https:\/\/fdnoaxaca.net\/index.php\/wp-json\/wp\/v2\/posts\/9195","targetHints":{"allow":["GET"]}}],"collection":[{"href":"https:\/\/fdnoaxaca.net\/index.php\/wp-json\/wp\/v2\/posts"}],"about":[{"href":"https:\/\/fdnoaxaca.net\/index.php\/wp-json\/wp\/v2\/types\/post"}],"author":[{"embeddable":true,"href":"https:\/\/fdnoaxaca.net\/index.php\/wp-json\/wp\/v2\/users\/4"}],"replies":[{"embeddable":true,"href":"https:\/\/fdnoaxaca.net\/index.php\/wp-json\/wp\/v2\/comments?post=9195"}],"version-history":[{"count":1,"href":"https:\/\/fdnoaxaca.net\/index.php\/wp-json\/wp\/v2\/posts\/9195\/revisions"}],"predecessor-version":[{"id":9197,"href":"https:\/\/fdnoaxaca.net\/index.php\/wp-json\/wp\/v2\/posts\/9195\/revisions\/9197"}],"wp:featuredmedia":[{"embeddable":true,"href":"https:\/\/fdnoaxaca.net\/index.php\/wp-json\/wp\/v2\/media\/9196"}],"wp:attachment":[{"href":"https:\/\/fdnoaxaca.net\/index.php\/wp-json\/wp\/v2\/media?parent=9195"}],"wp:term":[{"taxonomy":"category","embeddable":true,"href":"https:\/\/fdnoaxaca.net\/index.php\/wp-json\/wp\/v2\/categories?post=9195"},{"taxonomy":"post_tag","embeddable":true,"href":"https:\/\/fdnoaxaca.net\/index.php\/wp-json\/wp\/v2\/tags?post=9195"}],"curies":[{"name":"wp","href":"https:\/\/api.w.org\/{rel}","templated":true}]}}