{"id":9281,"date":"2022-01-25T16:08:41","date_gmt":"2022-01-25T16:08:41","guid":{"rendered":"https:\/\/fdnoaxaca.net\/?p=9281"},"modified":"2022-01-25T16:08:43","modified_gmt":"2022-01-25T16:08:43","slug":"pretende-congreso-que-familias-de-migrantes-accedan-con-remesas-al-infonavit-e-imss","status":"publish","type":"post","link":"https:\/\/fdnoaxaca.net\/index.php\/2022\/01\/25\/pretende-congreso-que-familias-de-migrantes-accedan-con-remesas-al-infonavit-e-imss\/","title":{"rendered":"Pretende Congreso que familias de migrantes accedan con remesas al Infonavit e IMSS"},"content":{"rendered":"\n<p>San Raymundo Jalpan, Oax. 25 de enero de 2022.- La legisladora de Morena, Concepci\u00f3n Rueda G\u00f3mez, impulsa una iniciativa de ley para que las familias de los migrantes oaxaque\u00f1os sean consideradas dentro de los grupos vulnerables, para que puedan a acceder a vivienda y al servicio m\u00e9dico del Instituto Mexicano del Seguro Social (IMSS) con las remesas. <\/p>\n\n\n\n<p>Durante la segunda sesi\u00f3n ordinaria de la Comisi\u00f3n Permanente de Migraci\u00f3n y Asuntos Internacionales de la 65 Legislatura local, la diputada plante\u00f3 su propuesta para reformar la Ley de Desarrollo Social de la entidad. <\/p>\n\n\n\n<p>\u201cNuestros migrantes no son de all\u00e1 ni son de ac\u00e1, ni son reconocidos all\u00e1 ni son reconocidos ac\u00e1, ni tienen derechos en el extranjero, ni tienen derechos en M\u00e9xico, lo menos que podemos hacer por ellos, es proteger a sus familias, respaldarlas y crear mecanismos que garanticen que van a estar bien\u201d, explic\u00f3 la tambi\u00e9n presidenta de la comisi\u00f3n.<\/p>\n\n\n\n<p>Actualmente el migrante s\u00ed es considerado dentro de los grupos vulnerables, sin embargo, sus familias no, y principalmente las mujeres e hijos son los m\u00e1s afectados al quedarse solos; de all\u00ed el inter\u00e9s de la congresista para darles visibilidad y que puedan tener acceso a derechos como son la seguridad social y al Infonavit, a trav\u00e9s de las aportaciones de las remesas de los migrantes.<\/p>\n\n\n\n<p>\u201cEl mecanismo es el que tenemos que estudiar, es decir si ellos (migrantes) mandan remesas anuales a Oaxaca por mil 500 millones de d\u00f3lares, lo menos que tenemos que hacer por nuestros migrantes es que sus familias tengan salud segura y un techo d\u00f3nde vivir. \u00bfC\u00f3mo lo generar\u00edamos? Pues a trav\u00e9s de las cuentas de ahorro o dep\u00f3sitos a trav\u00e9s del banco Bienestar o de cualquier banco que nos d\u00e9 la garant\u00eda, que les permita hacer su pago m\u00ednimo, pero mensual, para tener su derecho\u201d, explic\u00f3.<\/p>\n\n\n\n<p>Al respecto, los integrantes de la comisi\u00f3n, la diputada Lizbeth Anaid Concha Ojeda, y el legislador Jaime Mois\u00e9s Santiago Ambrosio, respaldaron la propuesta de ley y se sumaron a los trabajos en la materia.<\/p>\n\n\n\n<p>Por otra parte, durante la segunda sesi\u00f3n ordinaria de esta comisi\u00f3n, los diputados aprobaron los dict\u00e1menes de tres expedientes de la anterior Legislatura local, para su preclusi\u00f3n.<\/p>\n","protected":false},"excerpt":{"rendered":"<p>San Raymundo Jalpan, Oax. 25 de enero de 2022.- La legisladora de Morena, Concepci\u00f3n Rueda G\u00f3mez, impulsa una iniciativa de ley para que las familias de los migrantes oaxaque\u00f1os sean consideradas dentro de los grupos vulnerables, para que puedan a acceder a vivienda y al servicio m\u00e9dico del Instituto Mexicano del Seguro Social (IMSS) con&#8230;<\/p>\n","protected":false},"author":4,"featured_media":9282,"comment_status":"closed","ping_status":"closed","sticky":false,"template":"","format":"standard","meta":{"footnotes":""},"categories":[49],"tags":[],"class_list":["post-9281","post","type-post","status-publish","format-standard","has-post-thumbnail","hentry","category-titulares"],"_links":{"self":[{"href":"https:\/\/fdnoaxaca.net\/index.php\/wp-json\/wp\/v2\/posts\/9281","targetHints":{"allow":["GET"]}}],"collection":[{"href":"https:\/\/fdnoaxaca.net\/index.php\/wp-json\/wp\/v2\/posts"}],"about":[{"href":"https:\/\/fdnoaxaca.net\/index.php\/wp-json\/wp\/v2\/types\/post"}],"author":[{"embeddable":true,"href":"https:\/\/fdnoaxaca.net\/index.php\/wp-json\/wp\/v2\/users\/4"}],"replies":[{"embeddable":true,"href":"https:\/\/fdnoaxaca.net\/index.php\/wp-json\/wp\/v2\/comments?post=9281"}],"version-history":[{"count":1,"href":"https:\/\/fdnoaxaca.net\/index.php\/wp-json\/wp\/v2\/posts\/9281\/revisions"}],"predecessor-version":[{"id":9283,"href":"https:\/\/fdnoaxaca.net\/index.php\/wp-json\/wp\/v2\/posts\/9281\/revisions\/9283"}],"wp:featuredmedia":[{"embeddable":true,"href":"https:\/\/fdnoaxaca.net\/index.php\/wp-json\/wp\/v2\/media\/9282"}],"wp:attachment":[{"href":"https:\/\/fdnoaxaca.net\/index.php\/wp-json\/wp\/v2\/media?parent=9281"}],"wp:term":[{"taxonomy":"category","embeddable":true,"href":"https:\/\/fdnoaxaca.net\/index.php\/wp-json\/wp\/v2\/categories?post=9281"},{"taxonomy":"post_tag","embeddable":true,"href":"https:\/\/fdnoaxaca.net\/index.php\/wp-json\/wp\/v2\/tags?post=9281"}],"curies":[{"name":"wp","href":"https:\/\/api.w.org\/{rel}","templated":true}]}}