{"id":9292,"date":"2022-01-27T01:08:29","date_gmt":"2022-01-27T01:08:29","guid":{"rendered":"https:\/\/fdnoaxaca.net\/?p=9292"},"modified":"2022-01-27T01:08:32","modified_gmt":"2022-01-27T01:08:32","slug":"reprograma-congreso-comparecencias-de-sinfra-y-sectur-por-covid-19","status":"publish","type":"post","link":"https:\/\/fdnoaxaca.net\/index.php\/2022\/01\/27\/reprograma-congreso-comparecencias-de-sinfra-y-sectur-por-covid-19\/","title":{"rendered":"Reprograma Congreso comparecencias de Sinfra y Sectur por Covid-19"},"content":{"rendered":"\n<p>San Raymundo Jalpan, Oax. 26 de enero de 2022.- Debido a la emergencia sanitaria derivada del Covid-19, el Congreso oaxaque\u00f1o reprogram\u00f3 las comparecencias de los titulares de la Secretar\u00eda de las Infraestructuras y el Ordenamiento Territorial Sustentable (Sinfra) y de la Secretar\u00eda de Turismo (Sectur), previstas para este jueves 27 de enero.<\/p>\n\n\n\n<p>Con 34 votos a favor, la 65 Legislatura local autoriz\u00f3 este mi\u00e9rcoles que la rendici\u00f3n de cuentas del titular de Sinfra sea ahora el jueves 10 de febrero de 2022 a las cinco de la tarde.<\/p>\n\n\n\n<p>Mientras la de Sectur se cambi\u00f3 para el martes 15 de febrero de 2022 a las 10 de la ma\u00f1ana.<\/p>\n\n\n\n<p>La decisi\u00f3n fue tomada luego de que con fecha 19 y 25 de enero de 2022, se tuvo conocimiento de personas que presentaron sintomatolog\u00eda relacionada con el virus SARS-CoV2, mismas que con motivo del ejercicio de sus funciones acudir\u00edan a las comparecencias programadas para el 27 de enero.<\/p>\n\n\n\n<p>En tanto, las dem\u00e1s comparecencias contin\u00faan programadas como hasta ahora. <\/p>\n\n\n\n<p>Este acuerdo parlamentario fue presentado por la Junta de Coordinaci\u00f3n Pol\u00edtica (Jucopo), presidida por la diputada Laura Estrada Mauro, e integrada por los legisladores Alejandro Avil\u00e9s \u00c1lvarez, V\u00edctor Ra\u00fal Hern\u00e1ndez L\u00f3pez, No\u00e9 Doroteo Castillejos y Antonia Natividad D\u00edaz Jim\u00e9nez.<\/p>\n","protected":false},"excerpt":{"rendered":"<p>San Raymundo Jalpan, Oax. 26 de enero de 2022.- Debido a la emergencia sanitaria derivada del Covid-19, el Congreso oaxaque\u00f1o reprogram\u00f3 las comparecencias de los titulares de la Secretar\u00eda de las Infraestructuras y el Ordenamiento Territorial Sustentable (Sinfra) y de la Secretar\u00eda de Turismo (Sectur), previstas para este jueves 27 de enero. Con 34 votos&#8230;<\/p>\n","protected":false},"author":4,"featured_media":9293,"comment_status":"closed","ping_status":"closed","sticky":false,"template":"","format":"standard","meta":{"footnotes":""},"categories":[49],"tags":[],"class_list":["post-9292","post","type-post","status-publish","format-standard","has-post-thumbnail","hentry","category-titulares"],"_links":{"self":[{"href":"https:\/\/fdnoaxaca.net\/index.php\/wp-json\/wp\/v2\/posts\/9292","targetHints":{"allow":["GET"]}}],"collection":[{"href":"https:\/\/fdnoaxaca.net\/index.php\/wp-json\/wp\/v2\/posts"}],"about":[{"href":"https:\/\/fdnoaxaca.net\/index.php\/wp-json\/wp\/v2\/types\/post"}],"author":[{"embeddable":true,"href":"https:\/\/fdnoaxaca.net\/index.php\/wp-json\/wp\/v2\/users\/4"}],"replies":[{"embeddable":true,"href":"https:\/\/fdnoaxaca.net\/index.php\/wp-json\/wp\/v2\/comments?post=9292"}],"version-history":[{"count":1,"href":"https:\/\/fdnoaxaca.net\/index.php\/wp-json\/wp\/v2\/posts\/9292\/revisions"}],"predecessor-version":[{"id":9294,"href":"https:\/\/fdnoaxaca.net\/index.php\/wp-json\/wp\/v2\/posts\/9292\/revisions\/9294"}],"wp:featuredmedia":[{"embeddable":true,"href":"https:\/\/fdnoaxaca.net\/index.php\/wp-json\/wp\/v2\/media\/9293"}],"wp:attachment":[{"href":"https:\/\/fdnoaxaca.net\/index.php\/wp-json\/wp\/v2\/media?parent=9292"}],"wp:term":[{"taxonomy":"category","embeddable":true,"href":"https:\/\/fdnoaxaca.net\/index.php\/wp-json\/wp\/v2\/categories?post=9292"},{"taxonomy":"post_tag","embeddable":true,"href":"https:\/\/fdnoaxaca.net\/index.php\/wp-json\/wp\/v2\/tags?post=9292"}],"curies":[{"name":"wp","href":"https:\/\/api.w.org\/{rel}","templated":true}]}}