{"id":9301,"date":"2022-01-28T17:31:10","date_gmt":"2022-01-28T17:31:10","guid":{"rendered":"https:\/\/fdnoaxaca.net\/?p=9301"},"modified":"2022-01-28T17:31:14","modified_gmt":"2022-01-28T17:31:14","slug":"exigen-desde-el-legislativo-justicia-para-adolescente-violada-en-la-costa","status":"publish","type":"post","link":"https:\/\/fdnoaxaca.net\/index.php\/2022\/01\/28\/exigen-desde-el-legislativo-justicia-para-adolescente-violada-en-la-costa\/","title":{"rendered":"Exigen desde el Legislativo justicia para adolescente violada en la Costa"},"content":{"rendered":"\n<p>San Raymundo Jalpan, Oax. 28 de enero de 2022.- La diputada del Partido del Trabajo (PT), Miriam de los \u00c1ngeles V\u00e1zquez Ruiz, se sum\u00f3 a la exigencia de justicia para la adolescente que fue violada sexualmente y que recientemente dio a luz a su beb\u00e9, en la regi\u00f3n de la Costa de Oaxaca.<\/p>\n\n\n\n<p>Inform\u00f3 que la menor de edad fue violada sexualmente en el a\u00f1o 2021, y tras ello, qued\u00f3 embarazada, posteriormente fue entregada a un adulto sin su consentimiento, quien exig\u00eda m\u00e1s de 14 mil pesos, para la liberaci\u00f3n de la adolescente.<\/p>\n\n\n\n<p>El 12 de enero de este a\u00f1o, la menor dio a luz, y el 19 de este mes, ella y su beb\u00e9 fueron trasladadas por la Fiscal\u00eda al Centro de Justicia para Mujeres en la ciudad de Oaxaca. Sin embargo, su traslado se dio sin aplicar el protocolo de seguridad y violando sus derechos, ya que tampoco cont\u00f3 con un int\u00e9rprete que le informara en su lengua mixteca el procedimiento que seguir\u00eda; adem\u00e1s qued\u00f3 incomunicada con la parte de su familia que denunci\u00f3 el caso.<\/p>\n\n\n\n<p>Ante la serie de violaciones y omisiones institucionales, la legisladora dijo, es necesario que la Fiscal\u00eda General garantice la perspectiva de g\u00e9nero en la investigaci\u00f3n y se frene la revictimizaci\u00f3n de la menor de edad y de su beb\u00e9.<\/p>\n\n\n\n<p>\u201cSe investigue con perspectiva de g\u00e9nero, ponderando el inter\u00e9s superior de ambas menores, la violaci\u00f3n de la adolescente, resolviendo de manera inmediata el caso\u201d, declar\u00f3.<\/p>\n\n\n\n<p>Asimismo, se sum\u00f3 a la exigencia de las organizaciones feministas y defensoras de derechos humanos, quienes demandaron la destituci\u00f3n de la titular de la Fiscal\u00eda de G\u00e9nero de la Costa, Maribel Nicol\u00e1s, y de la directora del Centro de Justicia para las Mujeres (CEJUM), Tania Albarr\u00e1n Ocampo, por presuntamente vulnerar la seguridad de las menores de edad, incurrir en pr\u00e1cticas de violencia institucional y en una revictimizaci\u00f3n de las mujeres.<\/p>\n\n\n\n<p>\u201cSe han mostrado incompetentes para asumir estos cargos\u201d, consider\u00f3.<\/p>\n\n\n\n<p>Llam\u00f3 tambi\u00e9n a los integrantes de las Comisiones de Derechos Humanos, Igualdad de G\u00e9nero, Administraci\u00f3n y Procuraci\u00f3n de Justicia, y Seguridad y Protecci\u00f3n Ciudadana, de la 65 Legislatura local, a establecer mesas de trabajo con la Fiscal\u00eda General del Estado para revisar el tema de la adolescente y de los dem\u00e1s casos de violencia contra las mujeres a fin de garantizarles el acceso a la justicia y castigo a sus agresores.<\/p>\n","protected":false},"excerpt":{"rendered":"<p>San Raymundo Jalpan, Oax. 28 de enero de 2022.- La diputada del Partido del Trabajo (PT), Miriam de los \u00c1ngeles V\u00e1zquez Ruiz, se sum\u00f3 a la exigencia de justicia para la adolescente que fue violada sexualmente y que recientemente dio a luz a su beb\u00e9, en la regi\u00f3n de la Costa de Oaxaca. Inform\u00f3 que&#8230;<\/p>\n","protected":false},"author":4,"featured_media":9267,"comment_status":"closed","ping_status":"closed","sticky":false,"template":"","format":"standard","meta":{"footnotes":""},"categories":[49],"tags":[],"class_list":["post-9301","post","type-post","status-publish","format-standard","has-post-thumbnail","hentry","category-titulares"],"_links":{"self":[{"href":"https:\/\/fdnoaxaca.net\/index.php\/wp-json\/wp\/v2\/posts\/9301","targetHints":{"allow":["GET"]}}],"collection":[{"href":"https:\/\/fdnoaxaca.net\/index.php\/wp-json\/wp\/v2\/posts"}],"about":[{"href":"https:\/\/fdnoaxaca.net\/index.php\/wp-json\/wp\/v2\/types\/post"}],"author":[{"embeddable":true,"href":"https:\/\/fdnoaxaca.net\/index.php\/wp-json\/wp\/v2\/users\/4"}],"replies":[{"embeddable":true,"href":"https:\/\/fdnoaxaca.net\/index.php\/wp-json\/wp\/v2\/comments?post=9301"}],"version-history":[{"count":1,"href":"https:\/\/fdnoaxaca.net\/index.php\/wp-json\/wp\/v2\/posts\/9301\/revisions"}],"predecessor-version":[{"id":9302,"href":"https:\/\/fdnoaxaca.net\/index.php\/wp-json\/wp\/v2\/posts\/9301\/revisions\/9302"}],"wp:featuredmedia":[{"embeddable":true,"href":"https:\/\/fdnoaxaca.net\/index.php\/wp-json\/wp\/v2\/media\/9267"}],"wp:attachment":[{"href":"https:\/\/fdnoaxaca.net\/index.php\/wp-json\/wp\/v2\/media?parent=9301"}],"wp:term":[{"taxonomy":"category","embeddable":true,"href":"https:\/\/fdnoaxaca.net\/index.php\/wp-json\/wp\/v2\/categories?post=9301"},{"taxonomy":"post_tag","embeddable":true,"href":"https:\/\/fdnoaxaca.net\/index.php\/wp-json\/wp\/v2\/tags?post=9301"}],"curies":[{"name":"wp","href":"https:\/\/api.w.org\/{rel}","templated":true}]}}