{"id":9331,"date":"2022-02-01T23:12:30","date_gmt":"2022-02-01T23:12:30","guid":{"rendered":"https:\/\/fdnoaxaca.net\/?p=9331"},"modified":"2022-02-01T23:12:33","modified_gmt":"2022-02-01T23:12:33","slug":"comunidad-migrante-tambien-tiene-derecho-a-elegir-a-sus-representantes-ieepco","status":"publish","type":"post","link":"https:\/\/fdnoaxaca.net\/index.php\/2022\/02\/01\/comunidad-migrante-tambien-tiene-derecho-a-elegir-a-sus-representantes-ieepco\/","title":{"rendered":"Comunidad migrante tambi\u00e9n tiene derecho a elegir a sus representantes: IEEPCO"},"content":{"rendered":"\n<p>Oaxaca de Ju\u00e1rez, Oax. 1 de febrero de 2022.- La consejera presidenta del Instituto Estatal Electoral y de Participaci\u00f3n Ciudadana de Oaxaca (IEEPCO), Elizabeth S\u00e1nchez Gonz\u00e1lez, asegur\u00f3 que la comunidad oaxaque\u00f1a que radica en el extranjero tiene derecho a decidir sobre qui\u00e9n ser\u00e1 su pr\u00f3ximo gobernador o gobernadora. &nbsp;<\/p>\n\n\n\n<p>Lo anterior en el marco del conversatorio virtual titulado \u201cLa participaci\u00f3n pol\u00edtica de las y los mexicanos residentes en el extranjero. Procesos Electorales 2021-2022\u201d, organizado por el Instituto Nacional Electoral (INE), con el objetivo de promover el voto en el extranjero. &nbsp;<\/p>\n\n\n\n<p>S\u00e1nchez Gonz\u00e1lez asegur\u00f3 que es fundamental hacer valer la voz de los migrantes, toda vez que son agentes de desarrollo en los lugares donde residen en los cuales aportan sus capacidades y crean riqueza, adem\u00e1s, que contribuyen en el bienestar de sus comunidades de origen. &nbsp;<\/p>\n\n\n\n<p>La funcionaria inform\u00f3 que el IEEPCO mantiene vinculaci\u00f3n con diferentes organizaciones de oaxaque\u00f1os radicados en Estados Unidos, principalmente en California, Illinois y Wisconsin, a quienes incluso se les han enviado tr\u00edpticos con informaci\u00f3n sobre el proceso de credencializaci\u00f3n, misma que se ha reforzado con spots difundido mediante radios comunitarias e internet. &nbsp;<\/p>\n\n\n\n<p>En este mismo sentido, invit\u00f3 a las dem\u00e1s organizaciones de migrantes a sumarse en la promoci\u00f3n del voto e inform\u00f3 que mantiene comunicaci\u00f3n activa con el Registro Civil con la intenci\u00f3n de agilizar el tr\u00e1mite de actas de nacimiento en l\u00ednea, cumpliendo con un requisito clave para obtener la credencial de elector en el extranjero, ya que ha sido una de las problem\u00e1ticas que han manifestado las organizaciones de migrantes. &nbsp;<\/p>\n\n\n\n<p>La consejera presidenta del IEEPCO indic\u00f3 que, hasta el momento, Oaxaca cuenta con tres mil 473 migrantes registrados en la lista nominal para poder participar ya sea mediante el voto postal o electr\u00f3nico; as\u00ed tambi\u00e9n destac\u00f3 que el 10 de marzo es una fecha clave toda vez que concluye el periodo para realizar el registro.&nbsp;&nbsp;&nbsp;<\/p>\n\n\n\n<p>Finalmente, manifest\u00f3 que el \u00f3rgano electoral trabaja para garantizar el ejercicio pleno de derechos de los mexicanos con residencia en el extranjero, prueba de ello la habilitaci\u00f3n del micrositio&nbsp;www.votoextranjero-oaxaca.org.mx&nbsp;en el que se puede acceder a la informaci\u00f3n de manera inmediata. &nbsp;<\/p>\n\n\n\n<p>Por su parte, la consejera electoral y presidenta de la Comisi\u00f3n del Voto de los Mexicanos Residentes en el extranjero del INE, Claudia Zavala P\u00e9rez, atendi\u00f3 las dudas y cuestionamientos formulados por representantes de las organizaciones de personas mexicanas residentes en el extranjero que coincidieron en la necesidad de facilitar los procesos, tanto para la credencializaci\u00f3n como para el ejercicio del voto.&nbsp;&nbsp;&nbsp;<\/p>\n\n\n\n<p>\u201cEl INE trabaja en los an\u00e1lisis y diagn\u00f3sticos que permitan la implementaci\u00f3n de una tercera modalidad de votaci\u00f3n que contempla la participaci\u00f3n presencial en embajadas y consulados de M\u00e9xico en todo el mundo\u201d, refiri\u00f3 la funcionaria del \u00f3rgano electoral nacional.&nbsp;&nbsp;&nbsp;<\/p>\n\n\n\n<p>El conversatorio virtual tambi\u00e9n cont\u00f3 con la presencia de Adriana Favela Herrera, consejera electoral del Consejo General del INE, y Juan Jos\u00e9 Guadalupe Ramos Charre, consejero presidente del Instituto Electoral de Tamaulipas (IETAM); as\u00ed como del Embajador, Ricardo Santana Vel\u00e1squez, y el secretario t\u00e9cnico del Registro Federal de Electores en el INE, C\u00e9sar Ledesma Ugalde.&nbsp;<\/p>\n","protected":false},"excerpt":{"rendered":"<p>Oaxaca de Ju\u00e1rez, Oax. 1 de febrero de 2022.- La consejera presidenta del Instituto Estatal Electoral y de Participaci\u00f3n Ciudadana de Oaxaca (IEEPCO), Elizabeth S\u00e1nchez Gonz\u00e1lez, asegur\u00f3 que la comunidad oaxaque\u00f1a que radica en el extranjero tiene derecho a decidir sobre qui\u00e9n ser\u00e1 su pr\u00f3ximo gobernador o gobernadora. &nbsp; Lo anterior en el marco del&#8230;<\/p>\n","protected":false},"author":4,"featured_media":9332,"comment_status":"closed","ping_status":"closed","sticky":false,"template":"","format":"standard","meta":{"footnotes":""},"categories":[49],"tags":[],"class_list":["post-9331","post","type-post","status-publish","format-standard","has-post-thumbnail","hentry","category-titulares"],"_links":{"self":[{"href":"https:\/\/fdnoaxaca.net\/index.php\/wp-json\/wp\/v2\/posts\/9331","targetHints":{"allow":["GET"]}}],"collection":[{"href":"https:\/\/fdnoaxaca.net\/index.php\/wp-json\/wp\/v2\/posts"}],"about":[{"href":"https:\/\/fdnoaxaca.net\/index.php\/wp-json\/wp\/v2\/types\/post"}],"author":[{"embeddable":true,"href":"https:\/\/fdnoaxaca.net\/index.php\/wp-json\/wp\/v2\/users\/4"}],"replies":[{"embeddable":true,"href":"https:\/\/fdnoaxaca.net\/index.php\/wp-json\/wp\/v2\/comments?post=9331"}],"version-history":[{"count":1,"href":"https:\/\/fdnoaxaca.net\/index.php\/wp-json\/wp\/v2\/posts\/9331\/revisions"}],"predecessor-version":[{"id":9333,"href":"https:\/\/fdnoaxaca.net\/index.php\/wp-json\/wp\/v2\/posts\/9331\/revisions\/9333"}],"wp:featuredmedia":[{"embeddable":true,"href":"https:\/\/fdnoaxaca.net\/index.php\/wp-json\/wp\/v2\/media\/9332"}],"wp:attachment":[{"href":"https:\/\/fdnoaxaca.net\/index.php\/wp-json\/wp\/v2\/media?parent=9331"}],"wp:term":[{"taxonomy":"category","embeddable":true,"href":"https:\/\/fdnoaxaca.net\/index.php\/wp-json\/wp\/v2\/categories?post=9331"},{"taxonomy":"post_tag","embeddable":true,"href":"https:\/\/fdnoaxaca.net\/index.php\/wp-json\/wp\/v2\/tags?post=9331"}],"curies":[{"name":"wp","href":"https:\/\/api.w.org\/{rel}","templated":true}]}}