{"id":9343,"date":"2022-02-03T17:45:32","date_gmt":"2022-02-03T17:45:32","guid":{"rendered":"https:\/\/fdnoaxaca.net\/?p=9343"},"modified":"2022-02-03T17:45:35","modified_gmt":"2022-02-03T17:45:35","slug":"patron-atmosferico-invernal-estara-dominando-en-oaxaca","status":"publish","type":"post","link":"https:\/\/fdnoaxaca.net\/index.php\/2022\/02\/03\/patron-atmosferico-invernal-estara-dominando-en-oaxaca\/","title":{"rendered":"Patr\u00f3n atmosf\u00e9rico invernal estar\u00e1 dominando en Oaxaca"},"content":{"rendered":"\n<p>Oaxaca de Ju\u00e1rez, Oax. 3 de febrero de 2022.- Nuevamente un patr\u00f3n atmosf\u00e9rico invernal estar\u00e1 dominando durante los pr\u00f3ximos d\u00edas en el estado, inform\u00f3 Protecci\u00f3n Civil de Oaxaca. <\/p>\n\n\n\n<p>Mientras este jueves el frente fr\u00edo 28 estar\u00e1 desplaz\u00e1ndose sobre el oriente y sureste del pa\u00eds, con este sistema se esperan lluvias de intensidad variable, en especial a lo largo de la porci\u00f3n norte del estado a partir de esta tarde. <\/p>\n\n\n\n<p>A medida de que el sistema frontal avance se estar\u00e1 presentando \u201cevento de Norte\u201d fuerte a intenso en el oriente del Istmo, en particular sobre el tramo La Venta-La Ventosa, adem\u00e1s se desarrollar\u00e1 oleaje elevado en aguas del Golfo de Tehuantepec.<\/p>\n\n\n\n<p>Por otro lado, detr\u00e1s del frente, una masa de aire polar \u00e1rtico provocar\u00e1 que las temperaturas desciendan, cercanas al nivel de congelaci\u00f3n en zonas altas de la Sierra Norte, Mixteca y Sierra Sur, con la posibilidad de generar niebla muy densa y lloviznas en partes altas de la Ca\u00f1ada (Sierra Mazateca) y zonas serranas de la Sierra Norte y Sur, adem\u00e1s de tolvaneras en los Valles Centrales y zonas descampadas en horas de la tarde.<\/p>\n\n\n\n<p>Por tal motivo, la Coordinaci\u00f3n Estatal de Protecci\u00f3n Civil de Oaxaca (CEPCO) recomend\u00f3 a la navegaci\u00f3n mar\u00edtima, pesca artesanal y deportiva, evaluar las condiciones atmosf\u00e9ricas y oceanogr\u00e1ficas antes de realizar sus actividades, as\u00ed como atender las recomendaciones de Protecci\u00f3n Civil, Guardia Nacional, Divisi\u00f3n Caminos y Capitan\u00eda de Puerto.<\/p>\n\n\n\n<p>A la poblaci\u00f3n en general, tomar precauci\u00f3n y evitar la quema agr\u00edcola en horas de viento fuerte. As\u00ed como al transitar en zonas de viento m\u00e1ximo y de niebla; abrigarse bien y evitar cambios bruscos de temperatura.<\/p>\n\n\n\n<p>Abrigar a ni\u00f1os y adultos mayores ante el marcado descenso de la temperatura. Vestir con ropa gruesa, cubriendo todo el cuerpo (chamarra, abrigo, bufanda, gorro, guantes, etc.)<\/p>\n\n\n\n<p>Informarse a trav\u00e9s de los medios de comunicaci\u00f3n sobre el pron\u00f3stico del tiempo.<\/p>\n\n\n\n<p>Tambi\u00e9n comer frutas amarillas ricas en vitamina A y C. Al salir de un lugar caliente cubrir boca y nariz para evitar respirar aire fr\u00edo.<\/p>\n\n\n\n<p>Los ni\u00f1os, adultos mayores, enfermos cr\u00f3nicos y personas indigentes son m\u00e1s vulnerables, por lo que se debe tener especial atenci\u00f3n con ellos y cobijarlos.<\/p>\n\n\n\n<p>Al utilizar chimeneas, calentadores u hornillos, verificar que haya ventilaci\u00f3n adecuada para evitar intoxicaciones, cuidar que los ni\u00f1os no se acerquen para evitar accidentes.<\/p>\n\n\n\n<p>Sellar puertas y ventanas con papel peri\u00f3dico para evitar cruces de corrientes y salida de calor acumulado en su casa.<\/p>\n\n\n\n<p>No encender estufas ni anafres dentro de habitaciones que carezcan de ventilaci\u00f3n adecuada ya que pueden generar mon\u00f3xido de carbono, este es un gas que no se ve ni tiene olor y es altamente nocivo para la salud.<\/p>\n","protected":false},"excerpt":{"rendered":"<p>Oaxaca de Ju\u00e1rez, Oax. 3 de febrero de 2022.- Nuevamente un patr\u00f3n atmosf\u00e9rico invernal estar\u00e1 dominando durante los pr\u00f3ximos d\u00edas en el estado, inform\u00f3 Protecci\u00f3n Civil de Oaxaca. Mientras este jueves el frente fr\u00edo 28 estar\u00e1 desplaz\u00e1ndose sobre el oriente y sureste del pa\u00eds, con este sistema se esperan lluvias de intensidad variable, en especial&#8230;<\/p>\n","protected":false},"author":4,"featured_media":9344,"comment_status":"closed","ping_status":"closed","sticky":false,"template":"","format":"standard","meta":{"footnotes":""},"categories":[49],"tags":[],"class_list":["post-9343","post","type-post","status-publish","format-standard","has-post-thumbnail","hentry","category-titulares"],"_links":{"self":[{"href":"https:\/\/fdnoaxaca.net\/index.php\/wp-json\/wp\/v2\/posts\/9343","targetHints":{"allow":["GET"]}}],"collection":[{"href":"https:\/\/fdnoaxaca.net\/index.php\/wp-json\/wp\/v2\/posts"}],"about":[{"href":"https:\/\/fdnoaxaca.net\/index.php\/wp-json\/wp\/v2\/types\/post"}],"author":[{"embeddable":true,"href":"https:\/\/fdnoaxaca.net\/index.php\/wp-json\/wp\/v2\/users\/4"}],"replies":[{"embeddable":true,"href":"https:\/\/fdnoaxaca.net\/index.php\/wp-json\/wp\/v2\/comments?post=9343"}],"version-history":[{"count":1,"href":"https:\/\/fdnoaxaca.net\/index.php\/wp-json\/wp\/v2\/posts\/9343\/revisions"}],"predecessor-version":[{"id":9345,"href":"https:\/\/fdnoaxaca.net\/index.php\/wp-json\/wp\/v2\/posts\/9343\/revisions\/9345"}],"wp:featuredmedia":[{"embeddable":true,"href":"https:\/\/fdnoaxaca.net\/index.php\/wp-json\/wp\/v2\/media\/9344"}],"wp:attachment":[{"href":"https:\/\/fdnoaxaca.net\/index.php\/wp-json\/wp\/v2\/media?parent=9343"}],"wp:term":[{"taxonomy":"category","embeddable":true,"href":"https:\/\/fdnoaxaca.net\/index.php\/wp-json\/wp\/v2\/categories?post=9343"},{"taxonomy":"post_tag","embeddable":true,"href":"https:\/\/fdnoaxaca.net\/index.php\/wp-json\/wp\/v2\/tags?post=9343"}],"curies":[{"name":"wp","href":"https:\/\/api.w.org\/{rel}","templated":true}]}}