{"id":9356,"date":"2022-02-05T22:33:02","date_gmt":"2022-02-05T22:33:02","guid":{"rendered":"https:\/\/fdnoaxaca.net\/?p=9356"},"modified":"2022-02-05T22:33:05","modified_gmt":"2022-02-05T22:33:05","slug":"regresa-oaxaca-a-semaforo-amarillo-hay-12-hospitales-saturados-por-covid-19","status":"publish","type":"post","link":"https:\/\/fdnoaxaca.net\/index.php\/2022\/02\/05\/regresa-oaxaca-a-semaforo-amarillo-hay-12-hospitales-saturados-por-covid-19\/","title":{"rendered":"Regresa Oaxaca a sem\u00e1foro amarillo; hay 12 hospitales saturados por Covid-19"},"content":{"rendered":"\n<p>Oaxaca de Ju\u00e1rez, Oax. 5 de febrero de 2022.- Debido al incremento desmedido de contagios de Covid-19 en los \u00faltimos d\u00edas, Oaxaca de acuerdo al Sem\u00e1foro Epidemiol\u00f3gico Nacional, transitar\u00e1 nuevamente a color amarillo, del 7 al 20 de febrero.<\/p>\n\n\n\n<p>Lo cual significa que el riesgo de contagio del coronavirus es medio, por lo que habr\u00e1 m\u00e1s limitaciones en los aforos de los espacios cerrados, informaron los Servicios de Salud de Oaxaca. <\/p>\n\n\n\n<p>Reiter\u00f3 el llamado a las familias a continuar con las medidas sanitarias, ya que la pandemia se encuentra activa en 206 municipios del territorio oaxaque\u00f1o, con seis mil 298 personas que cursan actualmente la enfermedad y quienes pueden seguir propagando el virus.<\/p>\n\n\n\n<p>El 4 de febrero Oaxaca alcanz\u00f3 los 104 mil 580 casos acumulados del SARS-CoV-2, con 803 nuevos contagios registrados. Hay, adem\u00e1s un global de cinco mil 788 defunciones, cinco m\u00e1s que el jueves. <\/p>\n\n\n\n<p>De acuerdo con la dependencia, en cuanto al n\u00famero de recuperados, para esta jornada hay 92 mil 494 pacientes, adem\u00e1s de seis mil 351 casos sospechoso y 77 mil 883 negativos.<\/p>\n\n\n\n<p>Valles Centrales y el Istmo, son las regiones con m\u00e1s n\u00famero de casos activos, tras cuantificar tres mil 723 y mil 106 respectivamente, mientras que Tuxtepec, Costa, Mixteca y Sierra reportan una cantidad menor de casos, 699, 412, 213 y 145 respectivamente.<\/p>\n\n\n\n<p>La disponibilidad de camas a nivel estatal es del 44.3%, hay 188 hospitalizados a causa del SARS-CoV-2, con 10 nuevos ingresos, e increment\u00f3 el n\u00famero de hospitales que trabajan a su m\u00e1xima capacidad, tras reportar este d\u00eda 12 Unidades M\u00e9dicas al 100%.<\/p>\n\n\n\n<p>Los centros m\u00e9dicos para la atenci\u00f3n de la pandemia en la zona de Valles Centrales y la Mixteca rebasan m\u00e1s de la mitad de ocupaci\u00f3n, tras notificar para esta jornada 54% y 66.7% respectivamente, en tanto Costa, Istmo, y Tuxtepec reportaron 37.5%, 31.8% y 29.5%; mientras que la Sierra es la \u00fanica Jurisdicci\u00f3n Sanitaria que se ha mantenido desde el a\u00f1o pasado sin notificar camas ocupadas.<\/p>\n\n\n\n<p>Para esta jornada las demarcaciones con mayor incidencia de contagios son Oaxaca de Ju\u00e1rez con 225 casos, San Juan Bautista Tuxtepec con 88, Santa Cruz Xoxocotl\u00e1n con 50, Santa Mar\u00eda Huatulco con 46, Loma Bonita con 25 y Juchit\u00e1n de Zaragoza con 23, por mencionar algunos, para un total de 96 ayuntamientos con residentes positivos al coronavirus.<\/p>\n\n\n\n<p>Por primera vez la localidad de San Andr\u00e9s Yaa, perteneciente al distrito de Villa Alta, dentro de la regi\u00f3n Sierra Norte, present\u00f3 un contagio.<\/p>\n\n\n\n<p>Por distribuci\u00f3n geogr\u00e1fica, la Jurisdicci\u00f3n Sanitaria de Valles Centrales contabiliza 62 mil 731 acumulados y dos mil 568 defunciones, Istmo 14 mil 983 y mil 235 defunciones, Tuxtepec ocho mil 98 y 582 defunciones, Costa siete mil 390 y 483 defunciones, Mixteca siete mil 958 y 591 defunciones, Sierra tres mil 420 y 329 defunciones.<\/p>\n","protected":false},"excerpt":{"rendered":"<p>Oaxaca de Ju\u00e1rez, Oax. 5 de febrero de 2022.- Debido al incremento desmedido de contagios de Covid-19 en los \u00faltimos d\u00edas, Oaxaca de acuerdo al Sem\u00e1foro Epidemiol\u00f3gico Nacional, transitar\u00e1 nuevamente a color amarillo, del 7 al 20 de febrero. Lo cual significa que el riesgo de contagio del coronavirus es medio, por lo que habr\u00e1&#8230;<\/p>\n","protected":false},"author":4,"featured_media":9253,"comment_status":"closed","ping_status":"closed","sticky":false,"template":"","format":"standard","meta":{"footnotes":""},"categories":[49],"tags":[],"class_list":["post-9356","post","type-post","status-publish","format-standard","has-post-thumbnail","hentry","category-titulares"],"_links":{"self":[{"href":"https:\/\/fdnoaxaca.net\/index.php\/wp-json\/wp\/v2\/posts\/9356","targetHints":{"allow":["GET"]}}],"collection":[{"href":"https:\/\/fdnoaxaca.net\/index.php\/wp-json\/wp\/v2\/posts"}],"about":[{"href":"https:\/\/fdnoaxaca.net\/index.php\/wp-json\/wp\/v2\/types\/post"}],"author":[{"embeddable":true,"href":"https:\/\/fdnoaxaca.net\/index.php\/wp-json\/wp\/v2\/users\/4"}],"replies":[{"embeddable":true,"href":"https:\/\/fdnoaxaca.net\/index.php\/wp-json\/wp\/v2\/comments?post=9356"}],"version-history":[{"count":1,"href":"https:\/\/fdnoaxaca.net\/index.php\/wp-json\/wp\/v2\/posts\/9356\/revisions"}],"predecessor-version":[{"id":9357,"href":"https:\/\/fdnoaxaca.net\/index.php\/wp-json\/wp\/v2\/posts\/9356\/revisions\/9357"}],"wp:featuredmedia":[{"embeddable":true,"href":"https:\/\/fdnoaxaca.net\/index.php\/wp-json\/wp\/v2\/media\/9253"}],"wp:attachment":[{"href":"https:\/\/fdnoaxaca.net\/index.php\/wp-json\/wp\/v2\/media?parent=9356"}],"wp:term":[{"taxonomy":"category","embeddable":true,"href":"https:\/\/fdnoaxaca.net\/index.php\/wp-json\/wp\/v2\/categories?post=9356"},{"taxonomy":"post_tag","embeddable":true,"href":"https:\/\/fdnoaxaca.net\/index.php\/wp-json\/wp\/v2\/tags?post=9356"}],"curies":[{"name":"wp","href":"https:\/\/api.w.org\/{rel}","templated":true}]}}