{"id":9362,"date":"2022-02-07T18:38:40","date_gmt":"2022-02-07T18:38:40","guid":{"rendered":"https:\/\/fdnoaxaca.net\/?p=9362"},"modified":"2022-02-07T18:38:44","modified_gmt":"2022-02-07T18:38:44","slug":"asesinan-a-una-nina-y-a-su-familia-en-oaxaca","status":"publish","type":"post","link":"https:\/\/fdnoaxaca.net\/index.php\/2022\/02\/07\/asesinan-a-una-nina-y-a-su-familia-en-oaxaca\/","title":{"rendered":"Asesinan a una ni\u00f1a y a su familia en Oaxaca"},"content":{"rendered":"\n<p>Oaxaca de Ju\u00e1rez, Oax. 7 de febrero de 2022.- Una ni\u00f1a de tres a\u00f1os, junto con su mam\u00e1 y t\u00eda, fueron asesinadas en Oaxaca la noche del domingo.<\/p>\n\n\n\n<p>La Fiscal\u00eda General de Justicia del Estado confirm\u00f3 la balacera, donde tambi\u00e9n un var\u00f3n fue ultimado.<\/p>\n\n\n\n<p>De acuerdo con la instituci\u00f3n, los hechos sucedieron a alrededor de las 18:45 horas del 6 de febrero en un domicilio en Juchit\u00e1n, municipio de la regi\u00f3n del Istmo de Tehuantepec.<\/p>\n\n\n\n<p>Al lugar ingres\u00f3 un grupo armado y asesin\u00f3 a las cuatro personas, adem\u00e1s de herir a otros dos individuos. <\/p>\n\n\n\n<p>Las v\u00edctimas fueron identificadas como Arsenia V. S., de 34 a\u00f1os de edad; Valentina V. S., de 36 a\u00f1os, y Dayana, la menor de tres a\u00f1os de edad; del varon a\u00fan no se ha informado su identidad.<\/p>\n\n\n\n<p>Por estos hechos, la Fiscal\u00eda inici\u00f3 la carpeta de investigaci\u00f3n 4249\/FIST\/JUCHIT\u00c1N\/2022.<\/p>\n\n\n\n<p>En este municipio de la regi\u00f3n del Istmo de Tehuantepec, han ocurrido recientemente tres ataques armados, donde han matado a 10 personas, de las cuales ocho eran mujeres. <\/p>\n","protected":false},"excerpt":{"rendered":"<p>Oaxaca de Ju\u00e1rez, Oax. 7 de febrero de 2022.- Una ni\u00f1a de tres a\u00f1os, junto con su mam\u00e1 y t\u00eda, fueron asesinadas en Oaxaca la noche del domingo. La Fiscal\u00eda General de Justicia del Estado confirm\u00f3 la balacera, donde tambi\u00e9n un var\u00f3n fue ultimado. De acuerdo con la instituci\u00f3n, los hechos sucedieron a alrededor de&#8230;<\/p>\n","protected":false},"author":4,"featured_media":9363,"comment_status":"closed","ping_status":"closed","sticky":false,"template":"","format":"standard","meta":{"footnotes":""},"categories":[49],"tags":[],"class_list":["post-9362","post","type-post","status-publish","format-standard","has-post-thumbnail","hentry","category-titulares"],"_links":{"self":[{"href":"https:\/\/fdnoaxaca.net\/index.php\/wp-json\/wp\/v2\/posts\/9362","targetHints":{"allow":["GET"]}}],"collection":[{"href":"https:\/\/fdnoaxaca.net\/index.php\/wp-json\/wp\/v2\/posts"}],"about":[{"href":"https:\/\/fdnoaxaca.net\/index.php\/wp-json\/wp\/v2\/types\/post"}],"author":[{"embeddable":true,"href":"https:\/\/fdnoaxaca.net\/index.php\/wp-json\/wp\/v2\/users\/4"}],"replies":[{"embeddable":true,"href":"https:\/\/fdnoaxaca.net\/index.php\/wp-json\/wp\/v2\/comments?post=9362"}],"version-history":[{"count":1,"href":"https:\/\/fdnoaxaca.net\/index.php\/wp-json\/wp\/v2\/posts\/9362\/revisions"}],"predecessor-version":[{"id":9364,"href":"https:\/\/fdnoaxaca.net\/index.php\/wp-json\/wp\/v2\/posts\/9362\/revisions\/9364"}],"wp:featuredmedia":[{"embeddable":true,"href":"https:\/\/fdnoaxaca.net\/index.php\/wp-json\/wp\/v2\/media\/9363"}],"wp:attachment":[{"href":"https:\/\/fdnoaxaca.net\/index.php\/wp-json\/wp\/v2\/media?parent=9362"}],"wp:term":[{"taxonomy":"category","embeddable":true,"href":"https:\/\/fdnoaxaca.net\/index.php\/wp-json\/wp\/v2\/categories?post=9362"},{"taxonomy":"post_tag","embeddable":true,"href":"https:\/\/fdnoaxaca.net\/index.php\/wp-json\/wp\/v2\/tags?post=9362"}],"curies":[{"name":"wp","href":"https:\/\/api.w.org\/{rel}","templated":true}]}}