{"id":9365,"date":"2022-02-08T23:29:30","date_gmt":"2022-02-08T23:29:30","guid":{"rendered":"https:\/\/fdnoaxaca.net\/?p=9365"},"modified":"2022-02-08T23:29:34","modified_gmt":"2022-02-08T23:29:34","slug":"detienen-a-tres-personas-por-robo-en-primaria-en-oaxaca","status":"publish","type":"post","link":"https:\/\/fdnoaxaca.net\/index.php\/2022\/02\/08\/detienen-a-tres-personas-por-robo-en-primaria-en-oaxaca\/","title":{"rendered":"Detienen a tres personas por robo en primaria en Oaxaca"},"content":{"rendered":"\n<p>Oaxaca de Ju\u00e1rez, Oax., 8 de febrero de 2022.- Tres personas fueron detenidas por su presunta participaci\u00f3n en el robo a una primaria en la regi\u00f3n de la Mixteca, inform\u00f3 la Fiscal\u00eda General de Justicia de Oaxaca. <\/p>\n\n\n\n<p>De acuerdo con la causa penal 18\/2022, el 31 de enero de 2022, aproximadamente a las 20:00 horas, individuos sometieron al velador de la primaria rural &#8220;Justo Sierra&#8221;, ubicada en jurisdicci\u00f3n de Santa Cruz Tacache de Mina, en el distrito de Huajuapan, y robaron equipo de sonido y cables que se encontraban resguardados en la biblioteca escolar. <\/p>\n\n\n\n<p>Tras la denuncia presentada, la Instituci\u00f3n de procuraci\u00f3n de justicia inici\u00f3 la investigaci\u00f3n correspondiente -a trav\u00e9s de la Vicefiscal\u00eda Regional de la Mixteca-, posteriormente identific\u00f3 y aprehendi\u00f3 a los <br>\nprobables asaltantes. <\/p>\n\n\n\n<p>Los imputados J. A. B. R., R. S. R. y J. C. S. R., fueron presentados ante la autoridad correspondiente para que se determine su situaci\u00f3n jur\u00eddica en las pr\u00f3ximas horas por el delito de robo calificado con violencia a las personas en perjuicio patrimonial. <\/p>\n","protected":false},"excerpt":{"rendered":"<p>Oaxaca de Ju\u00e1rez, Oax., 8 de febrero de 2022.- Tres personas fueron detenidas por su presunta participaci\u00f3n en el robo a una primaria en la regi\u00f3n de la Mixteca, inform\u00f3 la Fiscal\u00eda General de Justicia de Oaxaca. De acuerdo con la causa penal 18\/2022, el 31 de enero de 2022, aproximadamente a las 20:00 horas,&#8230;<\/p>\n","protected":false},"author":4,"featured_media":9264,"comment_status":"closed","ping_status":"closed","sticky":false,"template":"","format":"standard","meta":{"footnotes":""},"categories":[49],"tags":[],"class_list":["post-9365","post","type-post","status-publish","format-standard","has-post-thumbnail","hentry","category-titulares"],"_links":{"self":[{"href":"https:\/\/fdnoaxaca.net\/index.php\/wp-json\/wp\/v2\/posts\/9365","targetHints":{"allow":["GET"]}}],"collection":[{"href":"https:\/\/fdnoaxaca.net\/index.php\/wp-json\/wp\/v2\/posts"}],"about":[{"href":"https:\/\/fdnoaxaca.net\/index.php\/wp-json\/wp\/v2\/types\/post"}],"author":[{"embeddable":true,"href":"https:\/\/fdnoaxaca.net\/index.php\/wp-json\/wp\/v2\/users\/4"}],"replies":[{"embeddable":true,"href":"https:\/\/fdnoaxaca.net\/index.php\/wp-json\/wp\/v2\/comments?post=9365"}],"version-history":[{"count":1,"href":"https:\/\/fdnoaxaca.net\/index.php\/wp-json\/wp\/v2\/posts\/9365\/revisions"}],"predecessor-version":[{"id":9366,"href":"https:\/\/fdnoaxaca.net\/index.php\/wp-json\/wp\/v2\/posts\/9365\/revisions\/9366"}],"wp:featuredmedia":[{"embeddable":true,"href":"https:\/\/fdnoaxaca.net\/index.php\/wp-json\/wp\/v2\/media\/9264"}],"wp:attachment":[{"href":"https:\/\/fdnoaxaca.net\/index.php\/wp-json\/wp\/v2\/media?parent=9365"}],"wp:term":[{"taxonomy":"category","embeddable":true,"href":"https:\/\/fdnoaxaca.net\/index.php\/wp-json\/wp\/v2\/categories?post=9365"},{"taxonomy":"post_tag","embeddable":true,"href":"https:\/\/fdnoaxaca.net\/index.php\/wp-json\/wp\/v2\/tags?post=9365"}],"curies":[{"name":"wp","href":"https:\/\/api.w.org\/{rel}","templated":true}]}}