{"id":9374,"date":"2022-02-14T20:25:18","date_gmt":"2022-02-14T20:25:18","guid":{"rendered":"https:\/\/fdnoaxaca.net\/?p=9374"},"modified":"2022-02-14T20:25:21","modified_gmt":"2022-02-14T20:25:21","slug":"prepara-ieepco-elecciones-extraordinarias-en-xoxocotlan-y-mitla","status":"publish","type":"post","link":"https:\/\/fdnoaxaca.net\/index.php\/2022\/02\/14\/prepara-ieepco-elecciones-extraordinarias-en-xoxocotlan-y-mitla\/","title":{"rendered":"Prepara IEEPCO elecciones extraordinarias en Xoxocotl\u00e1n y Mitla"},"content":{"rendered":"\n<p>Oaxaca de Ju\u00e1rez, Oax. 14 de febrero de 2022.- El pleno del Consejo General del Instituto Estatal Electoral y de Participaci\u00f3n Ciudadana de Oaxaca (IEEPCO) aprob\u00f3 acuerdos complementarios a la declaratoria formal de inicio del proceso electoral extraordinario 2022 en los municipios de Santa Cruz Xoxocotl\u00e1n y San Pablo Villa de Mitla.&nbsp;&nbsp;&nbsp; <\/p>\n\n\n\n<p>De primera cuenta y por unanimidad de votos, la consejera presidenta, Elizabeth S\u00e1nchez Gonz\u00e1lez, las consejeras electorales, Carmelita Sibaja Ochoa, Jessica Jazibe Hern\u00e1ndez Garc\u00eda, Nayma Enr\u00edquez Estrada y Zaira Alhel\u00ed Hip\u00f3lito L\u00f3pez, as\u00ed como los consejeros electorales, Alejandro Carrasco Sampedro y Wilfrido Lulio Almaraz Santib\u00e1\u00f1ez, avalaron el acuerdo IEEPCO-CG-31\/2022 que incluye la convocatoria a la ciudadan\u00eda con inter\u00e9s en postularse a una candidatura por la v\u00eda independiente o candidatura independiente ind\u00edgena y\/o afromexicana a concejal\u00edas a los ayuntamientos antes citados, misma que tendr\u00e1 que traducirse en lengua ind\u00edgena y braille.&nbsp;&nbsp;&nbsp; <\/p>\n\n\n\n<p>Tambi\u00e9n se aprob\u00f3 el acuerdo IEEPCO-CG-32\/2022 por el que se emite la convocatoria para la ciudadan\u00eda mexicana interesada en participar en la observaci\u00f3n electoral en el proceso electoral extraordinario 2022, misma que podr\u00e1 hacer su solicitud o ratificaci\u00f3n hasta el 12 de marzo.&nbsp;&nbsp;&nbsp;&nbsp; <\/p>\n\n\n\n<p>Lo anterior en cumplimiento a las resoluciones del 9 y 10 de febrero de 2022, emitidas por la Sala Superior y Sala Regional Xalapa del Tribunal Electoral del Poder Judicial de la Federaci\u00f3n, dentro de los expedientes SUP-REC-2136\/2021, y SX-JDC-1338\/2021 y SXJRC-250\/2021 acumulados, respectivamente.&nbsp;&nbsp;&nbsp; <\/p>\n\n\n\n<p>Las consejeras y consejeros electorales aprobaron tambi\u00e9n el acuerdo IEEPCO-CG-33\/2022, el cual establece la no instalaci\u00f3n de los Consejos Municipales Electorales de Santa Cruz Xoxocotl\u00e1n y San Pablo Villa de Mitla, y por el contrario se avala la facultad de atracci\u00f3n total de atribuciones y funciones a los Consejos Distritales de Santa Cruz Xoxocotl\u00e1n y Tlacolula de Matamoros, quienes se har\u00e1n cargo de la jornada electoral. &nbsp; <\/p>\n\n\n\n<p>En este mismo sentido, mediante el acuerdo IEEPCO-CG-34\/2022, se determin\u00f3 el tope m\u00e1ximo de gastos de precampa\u00f1a y campa\u00f1a para las elecciones extraordinarias de los municipios ubicados en la regi\u00f3n de Valles Centrales. <\/p>\n\n\n\n<p>As\u00ed mismo, se aval\u00f3 el acuerdo IEEPCO-CG-35\/2022 por el que se determinan los l\u00edmites del financiamiento privado que podr\u00e1n recibir los partidos pol\u00edticos respecto de las aportaciones de militantes, simpatizantes, precandidaturas, candidaturas, as\u00ed como el l\u00edmite individual de las aportaciones de simpatizantes.&nbsp;&nbsp;&nbsp; <\/p>\n\n\n\n<p>El Consejo General del IEEPCO tambi\u00e9n aval\u00f3 los acuerdos que determinan los topes m\u00e1ximos de gastos que podr\u00e1n erogar las y los aspirantes a candidaturas independientes en la etapa de apoyo de la ciudadan\u00eda y los montos del financiamiento p\u00fablico para gastos de campa\u00f1a que corresponden a cada partido pol\u00edtico. &nbsp; <\/p>\n\n\n\n<p>Mediante el acuerdo IEEPCO-CG-09\/2022, el Consejo General del IEEPCO determin\u00f3 convocar a elecciones extraordinarias de diputaci\u00f3n de mayor\u00eda relativa en el 01 Distrito Electoral de Acatl\u00e1n de P\u00e9rez Figueroa y concejal\u00edas a los ayuntamientos en los municipios de Santa Mar\u00eda Mixtequilla, Reforma de Pineda, Santa Mar\u00eda Xadani, Laollaga y Chahuites. Sin embargo, el ayuntamiento de Mitla fue excluido de la convocatoria, pues una mayor\u00eda de consejeros consider\u00f3 que era necesaria la expedici\u00f3n de un decreto por parte del Congreso de Oaxaca para emitir la convocatoria correspondiente.&nbsp; <\/p>\n\n\n\n<p>Al respecto, la consejera Jessica Jazibe Hern\u00e1ndez Garc\u00eda y la consejera presidenta Elizabeth S\u00e1nchez Gonz\u00e1lez emitieron votos particulares, en los cuales expusieron que la sentencia dictada por la Sala Superior en el expediente SUP-REC-213\/2021 vinculaba expresamente al Instituto Electoral de Oaxaca para que emitieran la convocatoria para la celebraci\u00f3n de la elecci\u00f3n extraordinaria en el ayuntamiento de Mitla, sin necesidad de que el Congreso de Oaxaca expidiera decreto alguno, por lo cual no hab\u00eda raz\u00f3n para que no fuera acatada en sus t\u00e9rminos.&nbsp;&nbsp;&nbsp; <\/p>\n\n\n\n<p>Por otra parte, en la misma sesi\u00f3n se aprob\u00f3 el acuerdo IEEPCO-CG-38\/2022 mediante el cual se aprueba la emisi\u00f3n de la respuesta a la solicitud formulada por la ciudadana Dolores L\u00f3pez Reyes, en cumplimiento a la sentencia emitida en el expediente JDC\/25\/2022 por el TEEO, ello con el ajuste y engrose solicitado por las consejeras electorales Carmelita Sibaja Ochoa, Nayma Enr\u00edquez Estrada y el consejero electoral, Wilfrido Almaraz Santib\u00e1\u00f1ez.&nbsp;&nbsp;&nbsp; <\/p>\n\n\n\n<p>Mientras que, en los acuerdos IEEPCO-CG-39\/2022 y IEEPCO-CG-40\/2022 avalados, se determin\u00f3 que la Unidad T\u00e9cnica de Servicios de Inform\u00e1tica y Documentaci\u00f3n de este Instituto Electoral y de Participaci\u00f3n Ciudadana de Oaxaca, sea la instancia responsable de coordinar el desarrollo de las actividades del Programa de Resultados Electorales Preliminares; adem\u00e1s, se estableci\u00f3 la ubicaci\u00f3n de los Centros de Acopio y Transmisi\u00f3n de Datos, y el Centro de Captura y Verificaci\u00f3n, y se instruy\u00f3 su instalaci\u00f3n y habilitaci\u00f3n para las elecciones extraordinarias en Acatla\u0301n de P\u00e9rez Figueroa, Santa Mar\u00eda Mixtequilla, Reforma de Pineda, Santa Mari\u0301a Xadani, Santiago Laollaga y Chahuites.&nbsp;&nbsp;&nbsp; <\/p>\n\n\n\n<p>Finalmente, por medio del acuerdo IEEPCO-CG-41\/2022 se aprobaron los formatos de la documentaci\u00f3n y dise\u00f1o del material electoral, validados por el INE, que ser\u00e1n utilizados para el proceso electoral local extraordinario 2022.&nbsp;<\/p>\n","protected":false},"excerpt":{"rendered":"<p>Oaxaca de Ju\u00e1rez, Oax. 14 de febrero de 2022.- El pleno del Consejo General del Instituto Estatal Electoral y de Participaci\u00f3n Ciudadana de Oaxaca (IEEPCO) aprob\u00f3 acuerdos complementarios a la declaratoria formal de inicio del proceso electoral extraordinario 2022 en los municipios de Santa Cruz Xoxocotl\u00e1n y San Pablo Villa de Mitla.&nbsp;&nbsp;&nbsp; De primera cuenta&#8230;<\/p>\n","protected":false},"author":4,"featured_media":9375,"comment_status":"closed","ping_status":"closed","sticky":false,"template":"","format":"standard","meta":{"footnotes":""},"categories":[49],"tags":[],"class_list":["post-9374","post","type-post","status-publish","format-standard","has-post-thumbnail","hentry","category-titulares"],"_links":{"self":[{"href":"https:\/\/fdnoaxaca.net\/index.php\/wp-json\/wp\/v2\/posts\/9374","targetHints":{"allow":["GET"]}}],"collection":[{"href":"https:\/\/fdnoaxaca.net\/index.php\/wp-json\/wp\/v2\/posts"}],"about":[{"href":"https:\/\/fdnoaxaca.net\/index.php\/wp-json\/wp\/v2\/types\/post"}],"author":[{"embeddable":true,"href":"https:\/\/fdnoaxaca.net\/index.php\/wp-json\/wp\/v2\/users\/4"}],"replies":[{"embeddable":true,"href":"https:\/\/fdnoaxaca.net\/index.php\/wp-json\/wp\/v2\/comments?post=9374"}],"version-history":[{"count":1,"href":"https:\/\/fdnoaxaca.net\/index.php\/wp-json\/wp\/v2\/posts\/9374\/revisions"}],"predecessor-version":[{"id":9376,"href":"https:\/\/fdnoaxaca.net\/index.php\/wp-json\/wp\/v2\/posts\/9374\/revisions\/9376"}],"wp:featuredmedia":[{"embeddable":true,"href":"https:\/\/fdnoaxaca.net\/index.php\/wp-json\/wp\/v2\/media\/9375"}],"wp:attachment":[{"href":"https:\/\/fdnoaxaca.net\/index.php\/wp-json\/wp\/v2\/media?parent=9374"}],"wp:term":[{"taxonomy":"category","embeddable":true,"href":"https:\/\/fdnoaxaca.net\/index.php\/wp-json\/wp\/v2\/categories?post=9374"},{"taxonomy":"post_tag","embeddable":true,"href":"https:\/\/fdnoaxaca.net\/index.php\/wp-json\/wp\/v2\/tags?post=9374"}],"curies":[{"name":"wp","href":"https:\/\/api.w.org\/{rel}","templated":true}]}}