{"id":9424,"date":"2022-03-02T02:25:54","date_gmt":"2022-03-02T02:25:54","guid":{"rendered":"https:\/\/fdnoaxaca.net\/?p=9424"},"modified":"2022-03-02T02:25:57","modified_gmt":"2022-03-02T02:25:57","slug":"sin-danos-en-oaxaca-por-sismo-de-magnitud-5-2-2","status":"publish","type":"post","link":"https:\/\/fdnoaxaca.net\/index.php\/2022\/03\/02\/sin-danos-en-oaxaca-por-sismo-de-magnitud-5-2-2\/","title":{"rendered":"Sin da\u00f1os en Oaxaca por sismo de magnitud 5.2"},"content":{"rendered":"\n<p>Oaxaca de Ju\u00e1rez, Oax. 01 de marzo de 2022.- Sin da\u00f1os en Oaxaca a causa del sismo de magnitud 5.2 percibido este inicio de marzo en el estado, inform\u00f3 Protecci\u00f3n Civil. <\/p>\n\n\n\n<p>Ante el temblor que ocurri\u00f3 a las 13:35 horas de este martes, Protecci\u00f3n Civil y corporaciones de auxilio activaron los protocolos de vigilancia y monitoreo en la entidad, tras lo cual se report\u00f3 en calma y sin afectaciones en la entidad. <\/p>\n\n\n\n<p>El Servicio Sismol\u00f3gico Nacional inform\u00f3 que el sismo fue de magnitud 5.2 con epicentro a 26 kil\u00f3metros al noroeste de San Pedro Pochutla, en la regi\u00f3n de la Costa. <\/p>\n\n\n\n<p>Por ello, la Coordinaci\u00f3n Estatal de Protecci\u00f3n Civil mantiene con los delegados de las ocho regiones de la entidad y la Unidad del Grupo de Respuesta Inmediata (UGRI), los protocolos de seguridad tras la percepci\u00f3n del sismo.<\/p>\n\n\n\n<p>En la capital del estado las bocinas del Sistema de Alerta S\u00edsmica no se activaron debido a que la magnitud no super\u00f3 los niveles preestablecidos para la activaci\u00f3n de los altoparlantes y radios SASMEX, justific\u00f3 la dependencia gubernamental. <\/p>\n\n\n\n<p>Debido al temblor, personas que lo percibieron evacuaron sus hogares y centros de trabajo. <\/p>\n","protected":false},"excerpt":{"rendered":"<p>Oaxaca de Ju\u00e1rez, Oax. 01 de marzo de 2022.- Sin da\u00f1os en Oaxaca a causa del sismo de magnitud 5.2 percibido este inicio de marzo en el estado, inform\u00f3 Protecci\u00f3n Civil. Ante el temblor que ocurri\u00f3 a las 13:35 horas de este martes, Protecci\u00f3n Civil y corporaciones de auxilio activaron los protocolos de vigilancia y&#8230;<\/p>\n","protected":false},"author":4,"featured_media":9425,"comment_status":"closed","ping_status":"closed","sticky":false,"template":"","format":"standard","meta":{"footnotes":""},"categories":[49],"tags":[],"class_list":["post-9424","post","type-post","status-publish","format-standard","has-post-thumbnail","hentry","category-titulares"],"_links":{"self":[{"href":"https:\/\/fdnoaxaca.net\/index.php\/wp-json\/wp\/v2\/posts\/9424","targetHints":{"allow":["GET"]}}],"collection":[{"href":"https:\/\/fdnoaxaca.net\/index.php\/wp-json\/wp\/v2\/posts"}],"about":[{"href":"https:\/\/fdnoaxaca.net\/index.php\/wp-json\/wp\/v2\/types\/post"}],"author":[{"embeddable":true,"href":"https:\/\/fdnoaxaca.net\/index.php\/wp-json\/wp\/v2\/users\/4"}],"replies":[{"embeddable":true,"href":"https:\/\/fdnoaxaca.net\/index.php\/wp-json\/wp\/v2\/comments?post=9424"}],"version-history":[{"count":1,"href":"https:\/\/fdnoaxaca.net\/index.php\/wp-json\/wp\/v2\/posts\/9424\/revisions"}],"predecessor-version":[{"id":9426,"href":"https:\/\/fdnoaxaca.net\/index.php\/wp-json\/wp\/v2\/posts\/9424\/revisions\/9426"}],"wp:featuredmedia":[{"embeddable":true,"href":"https:\/\/fdnoaxaca.net\/index.php\/wp-json\/wp\/v2\/media\/9425"}],"wp:attachment":[{"href":"https:\/\/fdnoaxaca.net\/index.php\/wp-json\/wp\/v2\/media?parent=9424"}],"wp:term":[{"taxonomy":"category","embeddable":true,"href":"https:\/\/fdnoaxaca.net\/index.php\/wp-json\/wp\/v2\/categories?post=9424"},{"taxonomy":"post_tag","embeddable":true,"href":"https:\/\/fdnoaxaca.net\/index.php\/wp-json\/wp\/v2\/tags?post=9424"}],"curies":[{"name":"wp","href":"https:\/\/api.w.org\/{rel}","templated":true}]}}