{"id":9469,"date":"2022-03-06T03:28:14","date_gmt":"2022-03-06T03:28:14","guid":{"rendered":"https:\/\/fdnoaxaca.net\/?p=9469"},"modified":"2022-03-06T03:28:17","modified_gmt":"2022-03-06T03:28:17","slug":"se-registra-salomon-jara-cruz-como-candidato-a-la-gubernatura-de-oaxaca","status":"publish","type":"post","link":"https:\/\/fdnoaxaca.net\/index.php\/2022\/03\/06\/se-registra-salomon-jara-cruz-como-candidato-a-la-gubernatura-de-oaxaca\/","title":{"rendered":"Se registra Salom\u00f3n Jara Cruz como candidato a la gubernatura de Oaxaca"},"content":{"rendered":"\n<p>Oaxaca de Ju\u00e1rez, Oax. 5 de marzo de 2022.- Ante el Instituto Estatal Electoral y de Participaci\u00f3n Ciudadana de Oaxaca (IEEPCO), el oaxaque\u00f1o Salom\u00f3n Jara Cruz se registr\u00f3 este s\u00e1bado como candidato a la gubernatura del estado por la coalici\u00f3n &#8220;Juntos Hacemos Historia en Oaxaca&#8221;.<\/p>\n\n\n\n<p>Luego de su registro oficial, Jara Cruz reconoci\u00f3 y agradeci\u00f3 el esfuerzo de todos los que han puesto su coraz\u00f3n para la construcci\u00f3n de un nuevo futuro para Oaxaca. <\/p>\n\n\n\n<p>&#8220;Este camino lo empezamos a trabajar desde hace m\u00e1s de 30 a\u00f1os, ca\u00edmos pero nos levantamos y lo m\u00e1s importante es que nunca dejamos de creer y tener esperanza. Por esa historia y ese futuro, es que hoy me he registrado como candidato a la gubernatura por la coalici\u00f3n Juntos Hacemos Historia en Oaxaca&#8221;, declar\u00f3 ante miles de oaxaque\u00f1as y oaxaque\u00f1os. <\/p>\n\n\n\n<p>Llam\u00f3 a la unidad para construir un Oaxaca de manera pac\u00edfica.<\/p>\n\n\n\n<p>Previo al registro, en conferencia de prensa, el l\u00edder nacional de Morena, Mario Delgado Carrillo, asegur\u00f3 que la elecci\u00f3n de Salom\u00f3n Jara Cruz como candidato, fue luego de un proceso transparente en el instituto pol\u00edtico, donde quien decidi\u00f3 fue el pueblo de Oaxaca. <\/p>\n\n\n\n<p>&#8220;Confiamos en la gente, le tenemos mucha confianza al pueblo, la gente debe de tomar las decisiones. El pueblo de Oaxaca decidi\u00f3 que Salom\u00f3n Jara sea nuestro candidato. El pueblo manda&#8221;, declar\u00f3. <\/p>\n\n\n\n<p>La alianza la integran los institutos pol\u00edticos de Movimiento de Regeneraci\u00f3n Nacional (Morena), del Partido del Trabajo (PT), Partido Verde Ecologista de M\u00e9xico (PVEM) y el Partido de Unidad Popular (PUP). <\/p>\n","protected":false},"excerpt":{"rendered":"<p>Oaxaca de Ju\u00e1rez, Oax. 5 de marzo de 2022.- Ante el Instituto Estatal Electoral y de Participaci\u00f3n Ciudadana de Oaxaca (IEEPCO), el oaxaque\u00f1o Salom\u00f3n Jara Cruz se registr\u00f3 este s\u00e1bado como candidato a la gubernatura del estado por la coalici\u00f3n &#8220;Juntos Hacemos Historia en Oaxaca&#8221;. Luego de su registro oficial, Jara Cruz reconoci\u00f3 y agradeci\u00f3&#8230;<\/p>\n","protected":false},"author":4,"featured_media":9470,"comment_status":"closed","ping_status":"closed","sticky":false,"template":"","format":"standard","meta":{"footnotes":""},"categories":[49],"tags":[],"class_list":["post-9469","post","type-post","status-publish","format-standard","has-post-thumbnail","hentry","category-titulares"],"_links":{"self":[{"href":"https:\/\/fdnoaxaca.net\/index.php\/wp-json\/wp\/v2\/posts\/9469","targetHints":{"allow":["GET"]}}],"collection":[{"href":"https:\/\/fdnoaxaca.net\/index.php\/wp-json\/wp\/v2\/posts"}],"about":[{"href":"https:\/\/fdnoaxaca.net\/index.php\/wp-json\/wp\/v2\/types\/post"}],"author":[{"embeddable":true,"href":"https:\/\/fdnoaxaca.net\/index.php\/wp-json\/wp\/v2\/users\/4"}],"replies":[{"embeddable":true,"href":"https:\/\/fdnoaxaca.net\/index.php\/wp-json\/wp\/v2\/comments?post=9469"}],"version-history":[{"count":1,"href":"https:\/\/fdnoaxaca.net\/index.php\/wp-json\/wp\/v2\/posts\/9469\/revisions"}],"predecessor-version":[{"id":9471,"href":"https:\/\/fdnoaxaca.net\/index.php\/wp-json\/wp\/v2\/posts\/9469\/revisions\/9471"}],"wp:featuredmedia":[{"embeddable":true,"href":"https:\/\/fdnoaxaca.net\/index.php\/wp-json\/wp\/v2\/media\/9470"}],"wp:attachment":[{"href":"https:\/\/fdnoaxaca.net\/index.php\/wp-json\/wp\/v2\/media?parent=9469"}],"wp:term":[{"taxonomy":"category","embeddable":true,"href":"https:\/\/fdnoaxaca.net\/index.php\/wp-json\/wp\/v2\/categories?post=9469"},{"taxonomy":"post_tag","embeddable":true,"href":"https:\/\/fdnoaxaca.net\/index.php\/wp-json\/wp\/v2\/tags?post=9469"}],"curies":[{"name":"wp","href":"https:\/\/api.w.org\/{rel}","templated":true}]}}