{"id":9496,"date":"2022-03-15T17:31:20","date_gmt":"2022-03-15T17:31:20","guid":{"rendered":"https:\/\/fdnoaxaca.net\/?p=9496"},"modified":"2022-03-15T17:31:22","modified_gmt":"2022-03-15T17:31:22","slug":"a-dos-anos-de-la-pandemia-en-oaxaca-suman-mas-de-118-mil-contagios-de-covid-19","status":"publish","type":"post","link":"https:\/\/fdnoaxaca.net\/index.php\/2022\/03\/15\/a-dos-anos-de-la-pandemia-en-oaxaca-suman-mas-de-118-mil-contagios-de-covid-19\/","title":{"rendered":"A dos a\u00f1os de la pandemia en Oaxaca, suman m\u00e1s de 118 mil contagios de Covid-19"},"content":{"rendered":"\n<p>Oaxaca de Ju\u00e1rez, Oax. 15 de marzo de 2022.- El 14 de marzo se cumplieron dos a\u00f1os en que se reportaron los primeros dos casos importados del virus SARS-CoV-2 en Oaxaca, se trat\u00f3 de un hombre de 62 a\u00f1os y una mujer de 30 a\u00f1os.<\/p>\n\n\n\n<p>De acuerdo con el informe t\u00e9cnico diario, los Servicios de Salud de Oaxaca (SSO) cuantificaron 118 mil 694 contagios acumulados, 112 mil 114 se han recuperado del padecimiento y 482 cursan con la enfermedad en fase activa en 82 municipios, quienes pueden transmitir la infecci\u00f3n viral.<\/p>\n\n\n\n<p>Despu\u00e9s de la tercera ola de Covid-19, que mantuvo al pa\u00eds en general en vilo, el n\u00famero global de casos nuevos en Oaxaca ha bajado por cuarta semana consecutiva al pasar de 347 registros el 14 de febrero, a 131 este d\u00eda.<\/p>\n\n\n\n<p>A su vez, la dependencia inform\u00f3 que este lunes se notifica una defunci\u00f3n, para un total de seis mil 098 p\u00e9rdidas de vidas humanas y en este sentido destac\u00f3 que el estado, es de los que menor tasa de letalidad tiene a nivel nacional, pues por cada 100 personas que se contagian actualmente de este coronavirus, mueren cinco.<\/p>\n\n\n\n<p>Por zona geogr\u00e1fica, Valles Centrales es la que tiene el mayor n\u00famero de positivos acumulados con 72 mil 512, cifra que representa el 61.09%; seguido del Istmo con 16 mil 535; Tuxtepec con ocho mil 843; Mixteca con ocho mil 735; Costa con ocho mil 244 y Sierra con tres mil 825. <\/p>\n\n\n\n<p>Durante la \u00faltima jornada se identificaron 33 municipios con casos nuevos, dentro de los que destacan: Oaxaca de Ju\u00e1rez con 44 positivos, Cuil\u00e1pam de Guerrero con 17, Santa Mar\u00eda Atzompa con nueve, Miahuatl\u00e1n de Porfirio D\u00edaz y Santa Cruz Xoxocotl\u00e1n con siete cada uno, Salina Cruz con cinco, por mencionar algunos.<\/p>\n\n\n\n<p>La red hospitalaria se encuentra al 17.8% de ocupaci\u00f3n de camas para pacientes que presentan alguna complicaci\u00f3n, seis nosocomios se ubican al 100% de su capacidad, y un paciente fue hospitalizado en las \u00faltima 24 horas, por lo que hay 324 camas disponibles de un total de 394.<\/p>\n\n\n\n<p>La dependencia llam\u00f3 a seguir aplicando con disciplina las acciones de prevenci\u00f3n, pues a pesar de que Oaxaca se encuentra en sem\u00e1foro epid\u00e9mico color verde es importante reducir la incidencia de contagios y defunciones a causa del virus.<\/p>\n","protected":false},"excerpt":{"rendered":"<p>Oaxaca de Ju\u00e1rez, Oax. 15 de marzo de 2022.- El 14 de marzo se cumplieron dos a\u00f1os en que se reportaron los primeros dos casos importados del virus SARS-CoV-2 en Oaxaca, se trat\u00f3 de un hombre de 62 a\u00f1os y una mujer de 30 a\u00f1os. De acuerdo con el informe t\u00e9cnico diario, los Servicios de&#8230;<\/p>\n","protected":false},"author":4,"featured_media":9253,"comment_status":"closed","ping_status":"closed","sticky":false,"template":"","format":"standard","meta":{"footnotes":""},"categories":[49],"tags":[],"class_list":["post-9496","post","type-post","status-publish","format-standard","has-post-thumbnail","hentry","category-titulares"],"_links":{"self":[{"href":"https:\/\/fdnoaxaca.net\/index.php\/wp-json\/wp\/v2\/posts\/9496","targetHints":{"allow":["GET"]}}],"collection":[{"href":"https:\/\/fdnoaxaca.net\/index.php\/wp-json\/wp\/v2\/posts"}],"about":[{"href":"https:\/\/fdnoaxaca.net\/index.php\/wp-json\/wp\/v2\/types\/post"}],"author":[{"embeddable":true,"href":"https:\/\/fdnoaxaca.net\/index.php\/wp-json\/wp\/v2\/users\/4"}],"replies":[{"embeddable":true,"href":"https:\/\/fdnoaxaca.net\/index.php\/wp-json\/wp\/v2\/comments?post=9496"}],"version-history":[{"count":1,"href":"https:\/\/fdnoaxaca.net\/index.php\/wp-json\/wp\/v2\/posts\/9496\/revisions"}],"predecessor-version":[{"id":9497,"href":"https:\/\/fdnoaxaca.net\/index.php\/wp-json\/wp\/v2\/posts\/9496\/revisions\/9497"}],"wp:featuredmedia":[{"embeddable":true,"href":"https:\/\/fdnoaxaca.net\/index.php\/wp-json\/wp\/v2\/media\/9253"}],"wp:attachment":[{"href":"https:\/\/fdnoaxaca.net\/index.php\/wp-json\/wp\/v2\/media?parent=9496"}],"wp:term":[{"taxonomy":"category","embeddable":true,"href":"https:\/\/fdnoaxaca.net\/index.php\/wp-json\/wp\/v2\/categories?post=9496"},{"taxonomy":"post_tag","embeddable":true,"href":"https:\/\/fdnoaxaca.net\/index.php\/wp-json\/wp\/v2\/tags?post=9496"}],"curies":[{"name":"wp","href":"https:\/\/api.w.org\/{rel}","templated":true}]}}