{"id":962,"date":"2019-06-19T20:55:22","date_gmt":"2019-06-19T20:55:22","guid":{"rendered":"http:\/\/fdnoaxaca.net\/?p=962"},"modified":"2019-06-19T20:55:24","modified_gmt":"2019-06-19T20:55:24","slug":"pide-legisladora-sancion-a-fiscalia-de-oaxaca-por-dilacion-en-investigacion-de-feminicidio","status":"publish","type":"post","link":"https:\/\/fdnoaxaca.net\/index.php\/2019\/06\/19\/pide-legisladora-sancion-a-fiscalia-de-oaxaca-por-dilacion-en-investigacion-de-feminicidio\/","title":{"rendered":"Pide legisladora sanci\u00f3n a Fiscal\u00eda de Oaxaca por dilaci\u00f3n en investigaci\u00f3n de feminicidio"},"content":{"rendered":"\n<p>San Raymundo Jalpan, Oax. 19 de junio de 2019.- Derivado de la dilaci\u00f3n\ny la falta de efectividad en las investigaciones relacionadas con la causa\npenal 38\/2015 del \u00edndice del juzgado Quinto de lo Penal, por el feminicidio de\nRosal\u00eda Garc\u00eda Garc\u00eda, madre de la diputada infantil del distrito 15 \u2013 Santa Cruz\nXoxocotl\u00e1n-, se iniciar\u00eda ex oficio por violaciones a los derechos humanos\ncontra la Fiscal\u00eda General del Estado a cargo de Rub\u00e9n Vasconcelos M\u00e9ndez.<\/p>\n\n\n\n<p>La propuesta hecha por la legisladora Magaly L\u00f3pez Dom\u00ednguez incluye\ntambi\u00e9n sanciones a la Secretar\u00eda General de Gobierno (Segego) por la falta de\natenci\u00f3n a las v\u00edctimas indirectas de los feminicidios en Oaxaca.&nbsp;<\/p>\n\n\n\n<p>La solicitud de L\u00f3pez Dom\u00ednguez es consecuencia de la participaci\u00f3n de\nla diputada infantil Ver\u00f3nica R.G el 10 de julio durante la instalaci\u00f3n de la\nlegislatura infantil en Oaxaca, en donde la menor de nueve a\u00f1os denunci\u00f3\nimpunidad por el feminicidio de su mam\u00e1 ocurrido en el 2014:<\/p>\n\n\n\n<p><em>\u201cSon criminales los que mataron a mam\u00e1 y los que hoy, cinco a\u00f1os\ndespu\u00e9s, esconden la cara para otorgarnos justicia; &nbsp;las ni\u00f1as y los ni\u00f1os\nhu\u00e9rfanos de feminicidio no podemos ser invisibles para el gobierno\u201d, s<\/em>e\u00f1al\u00f3 Ver\u00f3nica R.G.<\/p>\n\n\n\n<p>La madre de la legisladora infantil fue asesinada el 22 de julio de 2014\nmientras atend\u00eda su miscel\u00e1nea en Santa Cruz Xoxocotl\u00e1n, municipio conurbado a\nla ciudad de Oaxaca, y hasta este sitio arribaron dos individuos quienes le\ndispararon luego de que ella se negara a venderles cerveza.<\/p>\n\n\n\n<p>Por este crimen, denunci\u00f3 L\u00f3pez Dom\u00ednguez, solo existe un detenido, al\ncual no le han dictado sentencia condenatoria pese a que existen se\u00f1alamientos\ndirectos, en tanto, la carpeta de investigaci\u00f3n que derivar\u00eda en la detenci\u00f3n\ndel otro inculpado se encuentra ya en el archivo de la Fiscal\u00eda General del\nEstado.<\/p>\n\n\n\n<p>La propuesta de Magaly L\u00f3pez Dom\u00ednguez fue presentada durante sesi\u00f3n\nordinaria de la Diputaci\u00f3n Permanente y ser\u00e1 analizada para su posible\naprobaci\u00f3n durante el siguiente periodo ordinario de sesiones que iniciar\u00e1 el 1\nde julio.&nbsp;<\/p>\n","protected":false},"excerpt":{"rendered":"<p>San Raymundo Jalpan, Oax. 19 de junio de 2019.- Derivado de la dilaci\u00f3n y la falta de efectividad en las investigaciones relacionadas con la causa penal 38\/2015 del \u00edndice del juzgado Quinto de lo Penal, por el feminicidio de Rosal\u00eda Garc\u00eda Garc\u00eda, madre de la diputada infantil del distrito 15 \u2013 Santa Cruz Xoxocotl\u00e1n-, se&#8230;<\/p>\n","protected":false},"author":5,"featured_media":963,"comment_status":"closed","ping_status":"closed","sticky":false,"template":"","format":"standard","meta":{"footnotes":""},"categories":[4],"tags":[],"class_list":["post-962","post","type-post","status-publish","format-standard","has-post-thumbnail","hentry","category-general"],"_links":{"self":[{"href":"https:\/\/fdnoaxaca.net\/index.php\/wp-json\/wp\/v2\/posts\/962","targetHints":{"allow":["GET"]}}],"collection":[{"href":"https:\/\/fdnoaxaca.net\/index.php\/wp-json\/wp\/v2\/posts"}],"about":[{"href":"https:\/\/fdnoaxaca.net\/index.php\/wp-json\/wp\/v2\/types\/post"}],"author":[{"embeddable":true,"href":"https:\/\/fdnoaxaca.net\/index.php\/wp-json\/wp\/v2\/users\/5"}],"replies":[{"embeddable":true,"href":"https:\/\/fdnoaxaca.net\/index.php\/wp-json\/wp\/v2\/comments?post=962"}],"version-history":[{"count":1,"href":"https:\/\/fdnoaxaca.net\/index.php\/wp-json\/wp\/v2\/posts\/962\/revisions"}],"predecessor-version":[{"id":964,"href":"https:\/\/fdnoaxaca.net\/index.php\/wp-json\/wp\/v2\/posts\/962\/revisions\/964"}],"wp:featuredmedia":[{"embeddable":true,"href":"https:\/\/fdnoaxaca.net\/index.php\/wp-json\/wp\/v2\/media\/963"}],"wp:attachment":[{"href":"https:\/\/fdnoaxaca.net\/index.php\/wp-json\/wp\/v2\/media?parent=962"}],"wp:term":[{"taxonomy":"category","embeddable":true,"href":"https:\/\/fdnoaxaca.net\/index.php\/wp-json\/wp\/v2\/categories?post=962"},{"taxonomy":"post_tag","embeddable":true,"href":"https:\/\/fdnoaxaca.net\/index.php\/wp-json\/wp\/v2\/tags?post=962"}],"curies":[{"name":"wp","href":"https:\/\/api.w.org\/{rel}","templated":true}]}}