{"id":9667,"date":"2022-04-12T00:45:07","date_gmt":"2022-04-12T00:45:07","guid":{"rendered":"https:\/\/fdnoaxaca.net\/?p=9667"},"modified":"2022-04-12T00:45:10","modified_gmt":"2022-04-12T00:45:10","slug":"por-segunda-ocasion-edil-de-quieri-ejercio-violencia-politica-contra-regidora-teeo","status":"publish","type":"post","link":"https:\/\/fdnoaxaca.net\/index.php\/2022\/04\/12\/por-segunda-ocasion-edil-de-quieri-ejercio-violencia-politica-contra-regidora-teeo\/","title":{"rendered":"Por segunda ocasi\u00f3n, edil de Quier\u00ed ejerci\u00f3 violencia pol\u00edtica contra regidora: TEEO"},"content":{"rendered":"\n<p>Oaxaca de Ju\u00e1rez, Oax. 11 de abril de 2022.- El Tribunal Electoral del Estado de Oaxaca (TEEO) declar\u00f3 la p\u00e9rdida de la presunci\u00f3n de tener un modo honesto de vivir, al presidente municipal de Santa Catalina Quier\u00ed, Timoteo Valencia V\u00e1squez; por su reincidencia en la comisi\u00f3n de actos de violencia pol\u00edtica en raz\u00f3n de g\u00e9nero en contra de Anaberta Caballero Herreta, regidora suplente de Equidad de G\u00e9nero.<\/p>\n\n\n\n<p>Por unanimidad, los magistrados resolvieron en el Juicio para la Protecci\u00f3n de los Derechos Pol\u00edtico Electorales de la Ciudadan\u00eda en el R\u00e9gimen de Sistemas Normativos Internos, identificado con la clave JDCI\/53\/2021, que, con esta medida, Timoteo Valencia no podr\u00e1 contender al menos en el pr\u00f3ximo proceso electoral por un cargo de elecci\u00f3n popular.<\/p>\n\n\n\n<p>Determinaron que el edil de Santa Catalina Quier\u00ed realiz\u00f3 acciones, por segunda ocasi\u00f3n, en contra de Caballero Herreta; que vulneraron su derecho pol\u00edtico electoral de ser votada, en la vertiente del ejercicio del cargo.<\/p>\n\n\n\n<p>En esta \u00faltima ocasi\u00f3n, el denunciado no prob\u00f3 que sean falsas las denuncias hechas por la regidora, respecto a que la ha coaccionado para efecto de que firme su renuncia al cargo y que la ha obligado a firmar documentos de los cuales desconoce su contenido por no saber ni escribir, y que ha dejado de pagarle las dietas a que tiene derecho.<\/p>\n\n\n\n<p>Este \u00f3rgano jurisdiccional, refiri\u00f3 el Pleno, tiene la certeza de que, el reiterado actuar del presidente municipal, atiende a una especie de represalia en contra de la actora al haber ejercido previamente su derecho de defensa en contra de los actos de violencia desplegados por el concejal en cita.<\/p>\n\n\n\n<p>Anteriormente, mediante Juicio de la Ciudadan\u00eda n\u00famero JDCI\/61\/2020, este Tribunal tuvo probada la responsabilidad de Timoteo Valencia V\u00e1squez, por ejercer violencia pol\u00edtica de g\u00e9nero en contra de la misma regidora; ello, dado que ella hizo uso de su derecho a la salud reproductiva al decidir ser madre soltera, lo cual fue utilizado por el edil mencionado para afectar los derechos pol\u00edtico electorales de la impetrante, al intentar destituirla del cargo y dejar de pagarle las dietas a que ten\u00eda derecho.<\/p>\n\n\n\n<p>En consecuencia, esta sentencia ordena dar continuidad a las medidas cautelares dictadas en favor de la actora y la implementaci\u00f3n de diversas medidas de reparaci\u00f3n integral.<\/p>\n","protected":false},"excerpt":{"rendered":"<p>Oaxaca de Ju\u00e1rez, Oax. 11 de abril de 2022.- El Tribunal Electoral del Estado de Oaxaca (TEEO) declar\u00f3 la p\u00e9rdida de la presunci\u00f3n de tener un modo honesto de vivir, al presidente municipal de Santa Catalina Quier\u00ed, Timoteo Valencia V\u00e1squez; por su reincidencia en la comisi\u00f3n de actos de violencia pol\u00edtica en raz\u00f3n de g\u00e9nero&#8230;<\/p>\n","protected":false},"author":4,"featured_media":9144,"comment_status":"closed","ping_status":"closed","sticky":false,"template":"","format":"standard","meta":{"footnotes":""},"categories":[4,49],"tags":[],"class_list":["post-9667","post","type-post","status-publish","format-standard","has-post-thumbnail","hentry","category-general","category-titulares"],"_links":{"self":[{"href":"https:\/\/fdnoaxaca.net\/index.php\/wp-json\/wp\/v2\/posts\/9667","targetHints":{"allow":["GET"]}}],"collection":[{"href":"https:\/\/fdnoaxaca.net\/index.php\/wp-json\/wp\/v2\/posts"}],"about":[{"href":"https:\/\/fdnoaxaca.net\/index.php\/wp-json\/wp\/v2\/types\/post"}],"author":[{"embeddable":true,"href":"https:\/\/fdnoaxaca.net\/index.php\/wp-json\/wp\/v2\/users\/4"}],"replies":[{"embeddable":true,"href":"https:\/\/fdnoaxaca.net\/index.php\/wp-json\/wp\/v2\/comments?post=9667"}],"version-history":[{"count":1,"href":"https:\/\/fdnoaxaca.net\/index.php\/wp-json\/wp\/v2\/posts\/9667\/revisions"}],"predecessor-version":[{"id":9668,"href":"https:\/\/fdnoaxaca.net\/index.php\/wp-json\/wp\/v2\/posts\/9667\/revisions\/9668"}],"wp:featuredmedia":[{"embeddable":true,"href":"https:\/\/fdnoaxaca.net\/index.php\/wp-json\/wp\/v2\/media\/9144"}],"wp:attachment":[{"href":"https:\/\/fdnoaxaca.net\/index.php\/wp-json\/wp\/v2\/media?parent=9667"}],"wp:term":[{"taxonomy":"category","embeddable":true,"href":"https:\/\/fdnoaxaca.net\/index.php\/wp-json\/wp\/v2\/categories?post=9667"},{"taxonomy":"post_tag","embeddable":true,"href":"https:\/\/fdnoaxaca.net\/index.php\/wp-json\/wp\/v2\/tags?post=9667"}],"curies":[{"name":"wp","href":"https:\/\/api.w.org\/{rel}","templated":true}]}}