{"id":9741,"date":"2022-04-23T02:00:54","date_gmt":"2022-04-23T02:00:54","guid":{"rendered":"https:\/\/fdnoaxaca.net\/?p=9741"},"modified":"2022-04-23T02:00:57","modified_gmt":"2022-04-23T02:00:57","slug":"activa-cepco-protocolos-por-accidente-de-autobus-con-visitantes-del-estado-de-puebla","status":"publish","type":"post","link":"https:\/\/fdnoaxaca.net\/index.php\/2022\/04\/23\/activa-cepco-protocolos-por-accidente-de-autobus-con-visitantes-del-estado-de-puebla\/","title":{"rendered":"Activa CEPCO protocolos por accidente de autob\u00fas con visitantes del estado de Puebla"},"content":{"rendered":"\n<p><strong>Oaxaca de Ju\u00e1rez, Oax. 22 de abril de 2022<\/strong>. La Coordinaci\u00f3n Estatal de Protecci\u00f3n Civil de Oaxaca (CEPCO), activ\u00f3 los protocolos de b\u00fasqueda y rescate por accidente de tr\u00e1nsito en la Carretera Juquila\u2013R\u00edo Grande, Oaxaca, kil\u00f3metro 38, en el paraje conocido como La Lagunilla, donde los cuerpos de seis personas fallecidas fueron rescatadas y quienes resultaron heridos fueron trasladados al hospital B\u00e1sico Comunitario de Santa Catarina Juquila.<\/p>\n\n\n\n<p>De acuerdo con los informes, en el accidente registrado a las 05:15 horas de este viernes, se vio involucrado un autob\u00fas tur\u00edstico proveniente del Estado de Puebla, marcado con el n\u00famero econ\u00f3mico 374, placas de circulaci\u00f3n 52RA8A, del Servicio P\u00fablico Federal, el cual volc\u00f3 a 2 metros de la carretera.<\/p>\n\n\n\n<figure class=\"wp-block-image\"><img loading=\"lazy\" decoding=\"async\" width=\"1024\" height=\"768\" src=\"https:\/\/fdnoaxaca.net\/wp-content\/uploads\/2022\/04\/CEPCO-2-1024x768.jpeg\" alt=\"\" class=\"wp-image-9742\" srcset=\"https:\/\/fdnoaxaca.net\/wp-content\/uploads\/2022\/04\/CEPCO-2-1024x768.jpeg 1024w, https:\/\/fdnoaxaca.net\/wp-content\/uploads\/2022\/04\/CEPCO-2-300x225.jpeg 300w, https:\/\/fdnoaxaca.net\/wp-content\/uploads\/2022\/04\/CEPCO-2-768x576.jpeg 768w, https:\/\/fdnoaxaca.net\/wp-content\/uploads\/2022\/04\/CEPCO-2.jpeg 1080w\" sizes=\"auto, (max-width: 1024px) 100vw, 1024px\" \/><\/figure>\n\n\n\n<p>Como primer respondiente y por la magnitud del acontecimiento, las autoridades de emergencia de la regi\u00f3n tuvieron que activar veh\u00edculos particulares, ambulancias y patrullas para trasladar a las personas heridas de manera inmediata a los hospitales m\u00e1s cercanos.<\/p>\n\n\n\n<p>Los lesionados en el accidente fueron trasladados al Hospital B\u00e1sico Comunitario de Santa Catarina Juquila y son identificados como: 1. Eduardo Rodas Mu\u00f1oz, 10 a\u00f1os; 2. Enriqueta Mu\u00f1oz Ponce, 29 a\u00f1os; 3. Dulce Yamilet Rodas Ponce, 6 a\u00f1os; 4. Alexis Ariel Rodas, 8 a\u00f1os; 5. Isabel Ponce Tamayo, 54 a\u00f1os; 6. Rebeca Guadalupe Ponce, 26 a\u00f1os; 7. Enrique Yael Ponce Ponce, 2 a\u00f1os; 8. Mareli Guadalupe Hern\u00e1ndez, 8 a\u00f1os; 9. Bel\u00e9n P\u00e9rez Garc\u00eda, 14 a\u00f1os.<\/p>\n\n\n\n<p>10. Esperanza Garc\u00eda Mart\u00ednez, 43 a\u00f1os; 11. Cecilia Sebastiana Ponce, 55 a\u00f1os; 12. Carlos Antonio Huerta, 16 a\u00f1os; 13. Mar\u00eda Huerta Mar\u00edn, 13 a\u00f1os; 14. Rom\u00e1n P\u00e9rez Velasco, 51 a\u00f1os; 15. Guadalupe Barranco Carap\u00eda, 55 a\u00f1os; 16. Nanci Josselin Romero Garc\u00eda, 11 a\u00f1os; 17. Teresita del Ni\u00f1o Jes\u00fas, 56 a\u00f1os; 18. Gabriela Garc\u00eda Ponce, 29 a\u00f1os; 19. \u00c1ngeles Castro Aparicio, 10 a\u00f1os.<\/p>\n\n\n\n<p>20. Jos\u00e9 Sergio de la Cruz, 58 a\u00f1os; 21. Jos\u00e9 Luis Hern\u00e1ndez Cruz, 70 a\u00f1os (conductor); 22. Mar\u00eda Isabel Mar\u00edn, 35 a\u00f1os; 23. Carlos Huerta Mena, 34 a\u00f1os; 24. Salvador Huerta Mar\u00edn, 13 a\u00f1os.<\/p>\n\n\n\n<p>Lamentablemente se confirman el fallecimiento de 3 adultos y 3 ni\u00f1os.<\/p>\n\n\n\n<p>Los pasajeros indicaron ser peregrinos del Estado de Puebla, que por su fe cat\u00f3lica visitaron el Santuario de la Virgen de Juquila, y previo al accidente se dirig\u00edan rumbo a Puerto Escondido.<\/p>\n\n\n\n<p>Al momento se espera el arribo de una gr\u00faa para asegurar el autob\u00fas y evitar que se vaya a la barranca, y as\u00ed poder rescatar a una persona atrapada en su interior.<\/p>\n\n\n\n<p>Elementos de la Polic\u00eda Vial y de la Fiscal\u00eda General del Estado de Oaxaca tomaron conocimiento del casi. Se desconoce el motivo que provoc\u00f3 el accidente.<\/p>\n\n\n\n<p>Por lo anterior personal de la CEPCO seguir\u00e1 manteniendo la coordinaci\u00f3n con las dem\u00e1s instancias que han participado en este hecho, para as\u00ed salvaguardar la zona y prevenir acontecimientos en este periodo vacacional.<\/p>\n","protected":false},"excerpt":{"rendered":"<p>Oaxaca de Ju\u00e1rez, Oax. 22 de abril de 2022. La Coordinaci\u00f3n Estatal de Protecci\u00f3n Civil de Oaxaca (CEPCO), activ\u00f3 los protocolos de b\u00fasqueda y rescate por accidente de tr\u00e1nsito en la Carretera Juquila\u2013R\u00edo Grande, Oaxaca, kil\u00f3metro 38, en el paraje conocido como La Lagunilla, donde los cuerpos de seis personas fallecidas fueron rescatadas y quienes&#8230;<\/p>\n","protected":false},"author":4,"featured_media":9743,"comment_status":"closed","ping_status":"closed","sticky":false,"template":"","format":"standard","meta":{"footnotes":""},"categories":[4,49],"tags":[],"class_list":["post-9741","post","type-post","status-publish","format-standard","has-post-thumbnail","hentry","category-general","category-titulares"],"_links":{"self":[{"href":"https:\/\/fdnoaxaca.net\/index.php\/wp-json\/wp\/v2\/posts\/9741","targetHints":{"allow":["GET"]}}],"collection":[{"href":"https:\/\/fdnoaxaca.net\/index.php\/wp-json\/wp\/v2\/posts"}],"about":[{"href":"https:\/\/fdnoaxaca.net\/index.php\/wp-json\/wp\/v2\/types\/post"}],"author":[{"embeddable":true,"href":"https:\/\/fdnoaxaca.net\/index.php\/wp-json\/wp\/v2\/users\/4"}],"replies":[{"embeddable":true,"href":"https:\/\/fdnoaxaca.net\/index.php\/wp-json\/wp\/v2\/comments?post=9741"}],"version-history":[{"count":1,"href":"https:\/\/fdnoaxaca.net\/index.php\/wp-json\/wp\/v2\/posts\/9741\/revisions"}],"predecessor-version":[{"id":9744,"href":"https:\/\/fdnoaxaca.net\/index.php\/wp-json\/wp\/v2\/posts\/9741\/revisions\/9744"}],"wp:featuredmedia":[{"embeddable":true,"href":"https:\/\/fdnoaxaca.net\/index.php\/wp-json\/wp\/v2\/media\/9743"}],"wp:attachment":[{"href":"https:\/\/fdnoaxaca.net\/index.php\/wp-json\/wp\/v2\/media?parent=9741"}],"wp:term":[{"taxonomy":"category","embeddable":true,"href":"https:\/\/fdnoaxaca.net\/index.php\/wp-json\/wp\/v2\/categories?post=9741"},{"taxonomy":"post_tag","embeddable":true,"href":"https:\/\/fdnoaxaca.net\/index.php\/wp-json\/wp\/v2\/tags?post=9741"}],"curies":[{"name":"wp","href":"https:\/\/api.w.org\/{rel}","templated":true}]}}