{"id":9745,"date":"2022-04-23T23:18:18","date_gmt":"2022-04-23T23:18:18","guid":{"rendered":"https:\/\/fdnoaxaca.net\/?p=9745"},"modified":"2022-04-23T23:18:22","modified_gmt":"2022-04-23T23:18:22","slug":"todo-listo-para-el-primer-debate-entre-candidatos-a-la-gubernatura-ieepco","status":"publish","type":"post","link":"https:\/\/fdnoaxaca.net\/index.php\/2022\/04\/23\/todo-listo-para-el-primer-debate-entre-candidatos-a-la-gubernatura-ieepco\/","title":{"rendered":"Todo listo para el primer debate entre candidatos a la Gubernatura: IEEPCO"},"content":{"rendered":"\n<p>Oaxaca de Ju\u00e1rez, Oax. 23 de abril de 2022.- El Instituto Estatal Electoral y de Participaci\u00f3n Ciudadana de Oaxaca (IEEPCO), a trav\u00e9s de la Comisi\u00f3n Temporal de Comunicaci\u00f3n, anunci\u00f3 que se encuentra todo listo para la realizaci\u00f3n del primer debate entre candidatos a la Gubernatura. <\/p>\n\n\n\n<p>Lo anterior en cumplimiento con el calendario del proceso electoral ordinario 2021-2022 y contando con las instalaciones de la Corporaci\u00f3n Oaxaque\u00f1a de Radio y Televisi\u00f3n (CORTV) que iniciar\u00e1 la transmisi\u00f3n en punto de las 18:00 horas. <\/p>\n\n\n\n<p>El consejero electoral y presidente de la Comisi\u00f3n de Comunicaci\u00f3n, Alejandro Carrasco Sampedro, asegur\u00f3 que el total de las candidaturas registradas y validadas ante el IEEPCO confirm\u00f3 su asistencia en este primer ejercicio democr\u00e1tico que tiene como principal objetivo proporcionar informaci\u00f3n a la sociedad oaxaque\u00f1a que le permita emitir un voto libre e informado en la jornada electoral del 5 de junio. <\/p>\n\n\n\n<figure class=\"wp-block-image\"><img loading=\"lazy\" decoding=\"async\" width=\"1024\" height=\"657\" src=\"https:\/\/fdnoaxaca.net\/wp-content\/uploads\/2022\/04\/IMG-20220423-WA0069-1024x657.jpg\" alt=\"\" class=\"wp-image-9747\" srcset=\"https:\/\/fdnoaxaca.net\/wp-content\/uploads\/2022\/04\/IMG-20220423-WA0069-1024x657.jpg 1024w, https:\/\/fdnoaxaca.net\/wp-content\/uploads\/2022\/04\/IMG-20220423-WA0069-300x192.jpg 300w, https:\/\/fdnoaxaca.net\/wp-content\/uploads\/2022\/04\/IMG-20220423-WA0069-768x493.jpg 768w, https:\/\/fdnoaxaca.net\/wp-content\/uploads\/2022\/04\/IMG-20220423-WA0069.jpg 1280w\" sizes=\"auto, (max-width: 1024px) 100vw, 1024px\" \/><\/figure>\n\n\n\n<p>As\u00ed mismo, dio a conocer que en esta ocasi\u00f3n los candidatos presentar\u00e1n sus propuestas en torno a seguridad, igualdad entre hombres y mujeres, as\u00ed como atenci\u00f3n a poblaci\u00f3n en situaci\u00f3n de vulnerabilidad, temas derivados del sorteo realizado en presencia de representaciones de los partidos pol\u00edticos y candidatos independientes ind\u00edgenas.  <\/p>\n\n\n\n<p>Carrasco Sampedro detall\u00f3 que el formato del debate plantea una duraci\u00f3n de dos horas y que la moderaci\u00f3n estar\u00e1 a cargo de la periodista mexicana Julieta Lujambio Fuentes, que cuenta con experiencia en la conducci\u00f3n de estos ejercicios democr\u00e1ticos.  <\/p>\n\n\n\n<p>Finalmente, el consejero electoral manifest\u00f3 que el \u00f3rgano electoral est\u00e1 comprometido con el respeto a las comunidades y pueblos ind\u00edgenas, raz\u00f3n por la que ha garantizado la transmisi\u00f3n simult\u00e1nea en lenguas ind\u00edgenas, siendo el canal oficial de YouTube del \u00f3rgano electoral donde la ciudadan\u00eda podr\u00e1 ver las traducciones en zapoteco, mixteco y mazateco.  <\/p>\n\n\n\n<p>Independientemente de las frecuencias de radio y televisi\u00f3n de CORTV, el primer debate a la gubernatura ser\u00e1 transmitido en las cuentas oficiales de Facebook, Twitter e Instagram del IEEPCO.<\/p>\n","protected":false},"excerpt":{"rendered":"<p>Oaxaca de Ju\u00e1rez, Oax. 23 de abril de 2022.- El Instituto Estatal Electoral y de Participaci\u00f3n Ciudadana de Oaxaca (IEEPCO), a trav\u00e9s de la Comisi\u00f3n Temporal de Comunicaci\u00f3n, anunci\u00f3 que se encuentra todo listo para la realizaci\u00f3n del primer debate entre candidatos a la Gubernatura. Lo anterior en cumplimiento con el calendario del proceso electoral&#8230;<\/p>\n","protected":false},"author":4,"featured_media":9746,"comment_status":"closed","ping_status":"closed","sticky":false,"template":"","format":"standard","meta":{"footnotes":""},"categories":[49],"tags":[],"class_list":["post-9745","post","type-post","status-publish","format-standard","has-post-thumbnail","hentry","category-titulares"],"_links":{"self":[{"href":"https:\/\/fdnoaxaca.net\/index.php\/wp-json\/wp\/v2\/posts\/9745","targetHints":{"allow":["GET"]}}],"collection":[{"href":"https:\/\/fdnoaxaca.net\/index.php\/wp-json\/wp\/v2\/posts"}],"about":[{"href":"https:\/\/fdnoaxaca.net\/index.php\/wp-json\/wp\/v2\/types\/post"}],"author":[{"embeddable":true,"href":"https:\/\/fdnoaxaca.net\/index.php\/wp-json\/wp\/v2\/users\/4"}],"replies":[{"embeddable":true,"href":"https:\/\/fdnoaxaca.net\/index.php\/wp-json\/wp\/v2\/comments?post=9745"}],"version-history":[{"count":1,"href":"https:\/\/fdnoaxaca.net\/index.php\/wp-json\/wp\/v2\/posts\/9745\/revisions"}],"predecessor-version":[{"id":9748,"href":"https:\/\/fdnoaxaca.net\/index.php\/wp-json\/wp\/v2\/posts\/9745\/revisions\/9748"}],"wp:featuredmedia":[{"embeddable":true,"href":"https:\/\/fdnoaxaca.net\/index.php\/wp-json\/wp\/v2\/media\/9746"}],"wp:attachment":[{"href":"https:\/\/fdnoaxaca.net\/index.php\/wp-json\/wp\/v2\/media?parent=9745"}],"wp:term":[{"taxonomy":"category","embeddable":true,"href":"https:\/\/fdnoaxaca.net\/index.php\/wp-json\/wp\/v2\/categories?post=9745"},{"taxonomy":"post_tag","embeddable":true,"href":"https:\/\/fdnoaxaca.net\/index.php\/wp-json\/wp\/v2\/tags?post=9745"}],"curies":[{"name":"wp","href":"https:\/\/api.w.org\/{rel}","templated":true}]}}