{"id":9749,"date":"2022-04-24T00:11:22","date_gmt":"2022-04-24T00:11:22","guid":{"rendered":"https:\/\/fdnoaxaca.net\/?p=9749"},"modified":"2022-04-24T00:11:27","modified_gmt":"2022-04-24T00:11:27","slug":"ordenan-al-congreso-de-oaxaca-a-legislar-para-implementar-regidurias-de-asuntos-indigenas","status":"publish","type":"post","link":"https:\/\/fdnoaxaca.net\/index.php\/2022\/04\/24\/ordenan-al-congreso-de-oaxaca-a-legislar-para-implementar-regidurias-de-asuntos-indigenas\/","title":{"rendered":"Ordenan al Congreso de Oaxaca a legislar para implementar regidur\u00edas de asuntos ind\u00edgenas"},"content":{"rendered":"\n<p>Oaxaca de Ju\u00e1rez, Oax. 23 de abril de 2022.- Por unanimidad, el Pleno del Tribunal Electoral del Estado de Oaxaca (TEEO) orden\u00f3 al Congreso local que, en ejercicio de sus atribuciones, legisle el mecanismo para implementar la integraci\u00f3n de las regidur\u00edas de asuntos ind\u00edgenas en los municipios no ind\u00edgenas de la entidad. <\/p>\n\n\n\n<p>Se\u00f1al\u00f3 en la resoluci\u00f3n de los juicios con clave: JDC\/271\/2021, JDC\/272\/2021, JDC\/273\/2021 y JDC\/279\/2021; que, en la reforma de octubre de 2021, se dio reconocimiento a los pueblos y comunidades afromexicanos, mediante la Ley de Derechos de los Pueblos y Comunidades Ind\u00edgenas del Estado de Oaxaca.<\/p>\n\n\n\n<p>Expuso que esta norma, en su art\u00edculo 11, establece la implementaci\u00f3n de la figura de regidur\u00edas de asuntos ind\u00edgenas en los municipios no ind\u00edgenas, no obstante, no se encuentra normado el mecanismo que conlleve a la materializaci\u00f3n del citado derecho.<\/p>\n\n\n\n<p>En consecuencia, este Tribunal declar\u00f3 fundado el agravio hecho valer por una ciudadana y ciudadanos ind\u00edgenas pertenecientes al ayuntamiento de San Pedro Jicay\u00e1n, respecto a la omisi\u00f3n del Congreso de Oaxaca de legislar en esta materia, lo que les impide hacer efectiva esta prerrogativa.<\/p>\n\n\n\n<p>En el estudio de este asunto, el TEEO confirm\u00f3 que la legislaci\u00f3n que da acceso a este derecho est\u00e1 incompleta, toda vez que se requiere de una ley secundaria en la que se norme la elecci\u00f3n de esos representantes y su participaci\u00f3n en el cabildo.<\/p>\n\n\n\n<p>Ahora bien, a petici\u00f3n de la parte recurrente y a efecto de que las comunidades ind\u00edgenas tengan pleno conocimiento de los alcances de esta resoluci\u00f3n, el Pleno orden\u00f3 publicar el resumen de la sentencia en el Peri\u00f3dico Oficial del Estado y que, a su vez, sea traducido a las variantes ling\u00fc\u00edsticas existentes en los municipios no ind\u00edgenas del estado.<\/p>\n","protected":false},"excerpt":{"rendered":"<p>Oaxaca de Ju\u00e1rez, Oax. 23 de abril de 2022.- Por unanimidad, el Pleno del Tribunal Electoral del Estado de Oaxaca (TEEO) orden\u00f3 al Congreso local que, en ejercicio de sus atribuciones, legisle el mecanismo para implementar la integraci\u00f3n de las regidur\u00edas de asuntos ind\u00edgenas en los municipios no ind\u00edgenas de la entidad. Se\u00f1al\u00f3 en la&#8230;<\/p>\n","protected":false},"author":4,"featured_media":9615,"comment_status":"closed","ping_status":"closed","sticky":false,"template":"","format":"standard","meta":{"footnotes":""},"categories":[4],"tags":[],"class_list":["post-9749","post","type-post","status-publish","format-standard","has-post-thumbnail","hentry","category-general"],"_links":{"self":[{"href":"https:\/\/fdnoaxaca.net\/index.php\/wp-json\/wp\/v2\/posts\/9749","targetHints":{"allow":["GET"]}}],"collection":[{"href":"https:\/\/fdnoaxaca.net\/index.php\/wp-json\/wp\/v2\/posts"}],"about":[{"href":"https:\/\/fdnoaxaca.net\/index.php\/wp-json\/wp\/v2\/types\/post"}],"author":[{"embeddable":true,"href":"https:\/\/fdnoaxaca.net\/index.php\/wp-json\/wp\/v2\/users\/4"}],"replies":[{"embeddable":true,"href":"https:\/\/fdnoaxaca.net\/index.php\/wp-json\/wp\/v2\/comments?post=9749"}],"version-history":[{"count":1,"href":"https:\/\/fdnoaxaca.net\/index.php\/wp-json\/wp\/v2\/posts\/9749\/revisions"}],"predecessor-version":[{"id":9750,"href":"https:\/\/fdnoaxaca.net\/index.php\/wp-json\/wp\/v2\/posts\/9749\/revisions\/9750"}],"wp:featuredmedia":[{"embeddable":true,"href":"https:\/\/fdnoaxaca.net\/index.php\/wp-json\/wp\/v2\/media\/9615"}],"wp:attachment":[{"href":"https:\/\/fdnoaxaca.net\/index.php\/wp-json\/wp\/v2\/media?parent=9749"}],"wp:term":[{"taxonomy":"category","embeddable":true,"href":"https:\/\/fdnoaxaca.net\/index.php\/wp-json\/wp\/v2\/categories?post=9749"},{"taxonomy":"post_tag","embeddable":true,"href":"https:\/\/fdnoaxaca.net\/index.php\/wp-json\/wp\/v2\/tags?post=9749"}],"curies":[{"name":"wp","href":"https:\/\/api.w.org\/{rel}","templated":true}]}}