{"id":9752,"date":"2022-04-24T23:44:36","date_gmt":"2022-04-24T23:44:36","guid":{"rendered":"https:\/\/fdnoaxaca.net\/?p=9752"},"modified":"2022-04-24T23:44:39","modified_gmt":"2022-04-24T23:44:39","slug":"muere-padre-del-candidato-a-la-gubernatura-de-oaxaca-salomon-jara-cruz","status":"publish","type":"post","link":"https:\/\/fdnoaxaca.net\/index.php\/2022\/04\/24\/muere-padre-del-candidato-a-la-gubernatura-de-oaxaca-salomon-jara-cruz\/","title":{"rendered":"Muere padre del candidato a la gubernatura de Oaxaca, Salom\u00f3n Jara Cruz"},"content":{"rendered":"\n<p>Oaxaca de Ju\u00e1rez, Oax. 24 de abril de 2022.- Mois\u00e9s Jara Bola\u00f1os, padre del candidato a la gubernatura de Oaxaca, Salom\u00f3n Jara Cruz, falleci\u00f3 la madrugada de este domingo por causas naturales.<\/p>\n\n\n\n<p>Debido a ello, el aspirante a gobernar el estado cancel\u00f3 las actividades de su agenda hasta nuevo aviso, lo que incluy\u00f3 el debate programado para este domingo a las 18:00 horas, inform\u00f3 su equipo de campa\u00f1a. <\/p>\n\n\n\n<p>&#8220;Con profundo dolor, sentimiento y pesar informo que esta madrugada, mi padre, Mois\u00e9s Jara Bola\u00f1os, falleci\u00f3 de causas naturales en la ciudad de Oaxaca.<br>\nGuardo en mi coraz\u00f3n sus consejos, ense\u00f1anzas y el amor que siempre tuvo por todos nosotros&#8221;, declar\u00f3 en su cuenta de Twitter. <\/p>\n\n\n\n<p>Las actividades p\u00fablicas de su agenda de la semana que inicia, fueron tambi\u00e9n suspendidas temporalmente. <\/p>\n\n\n\n<p>Tras ello, el candidato de la coalici\u00f3n de los partidos pol\u00edticos Revolucionario Institucional (PRI) y de la Revoluci\u00f3n Democr\u00e1tica (PRD), Alejandro Avil\u00e9s \u00c1lvarez, cancel\u00f3 tambi\u00e9n su participaci\u00f3n al debate, al se\u00f1alar que &#8220;antes de ser pol\u00edticos, somos seres humanos&#8221;. <\/p>\n\n\n\n<p>Por la tarde, despu\u00e9s de las 18:00 horas, el Instituto Estatal Electoral y de Participaci\u00f3n Ciudadana de Oaxaca (IEEPCO) cancel\u00f3 el debate ante la falta de condiciones debido a que de los siete candidatos, \u00fanicamente uno inform\u00f3 su disposici\u00f3n para participar en este ejercicio democr\u00e1tico. <\/p>\n\n\n\n<p>Agradeci\u00f3 el trabajo del personal del IEEPCO y de la Corporaci\u00f3n Oaxaque\u00f1a de Radio y Televisi\u00f3n (Cortv), por su compromiso para la organizaci\u00f3n y producci\u00f3n del debate. <\/p>\n","protected":false},"excerpt":{"rendered":"<p>Oaxaca de Ju\u00e1rez, Oax. 24 de abril de 2022.- Mois\u00e9s Jara Bola\u00f1os, padre del candidato a la gubernatura de Oaxaca, Salom\u00f3n Jara Cruz, falleci\u00f3 la madrugada de este domingo por causas naturales. Debido a ello, el aspirante a gobernar el estado cancel\u00f3 las actividades de su agenda hasta nuevo aviso, lo que incluy\u00f3 el debate&#8230;<\/p>\n","protected":false},"author":4,"featured_media":9753,"comment_status":"closed","ping_status":"closed","sticky":false,"template":"","format":"standard","meta":{"footnotes":""},"categories":[49],"tags":[],"class_list":["post-9752","post","type-post","status-publish","format-standard","has-post-thumbnail","hentry","category-titulares"],"_links":{"self":[{"href":"https:\/\/fdnoaxaca.net\/index.php\/wp-json\/wp\/v2\/posts\/9752","targetHints":{"allow":["GET"]}}],"collection":[{"href":"https:\/\/fdnoaxaca.net\/index.php\/wp-json\/wp\/v2\/posts"}],"about":[{"href":"https:\/\/fdnoaxaca.net\/index.php\/wp-json\/wp\/v2\/types\/post"}],"author":[{"embeddable":true,"href":"https:\/\/fdnoaxaca.net\/index.php\/wp-json\/wp\/v2\/users\/4"}],"replies":[{"embeddable":true,"href":"https:\/\/fdnoaxaca.net\/index.php\/wp-json\/wp\/v2\/comments?post=9752"}],"version-history":[{"count":1,"href":"https:\/\/fdnoaxaca.net\/index.php\/wp-json\/wp\/v2\/posts\/9752\/revisions"}],"predecessor-version":[{"id":9754,"href":"https:\/\/fdnoaxaca.net\/index.php\/wp-json\/wp\/v2\/posts\/9752\/revisions\/9754"}],"wp:featuredmedia":[{"embeddable":true,"href":"https:\/\/fdnoaxaca.net\/index.php\/wp-json\/wp\/v2\/media\/9753"}],"wp:attachment":[{"href":"https:\/\/fdnoaxaca.net\/index.php\/wp-json\/wp\/v2\/media?parent=9752"}],"wp:term":[{"taxonomy":"category","embeddable":true,"href":"https:\/\/fdnoaxaca.net\/index.php\/wp-json\/wp\/v2\/categories?post=9752"},{"taxonomy":"post_tag","embeddable":true,"href":"https:\/\/fdnoaxaca.net\/index.php\/wp-json\/wp\/v2\/tags?post=9752"}],"curies":[{"name":"wp","href":"https:\/\/api.w.org\/{rel}","templated":true}]}}