{"id":9755,"date":"2022-04-25T00:20:02","date_gmt":"2022-04-25T00:20:02","guid":{"rendered":"https:\/\/fdnoaxaca.net\/?p=9755"},"modified":"2022-04-27T03:10:01","modified_gmt":"2022-04-27T03:10:01","slug":"cancela-ieepco-debate-entre-candidatos-a-la-gubernatura-de-oaxaca","status":"publish","type":"post","link":"https:\/\/fdnoaxaca.net\/index.php\/2022\/04\/25\/cancela-ieepco-debate-entre-candidatos-a-la-gubernatura-de-oaxaca\/","title":{"rendered":"Cancela IEEPCO debate entre candidatos a la gubernatura de Oaxaca"},"content":{"rendered":"\n<p>Oaxaca de Ju\u00e1rez, Oax. 24 de abril de 2022.- El Instituto Estatal Electoral y de Participaci\u00f3n Ciudadana de Oaxaca (IEEPCO) cancel\u00f3 el primer debate entre candidatos a la gubernatura del estado, previsto para este domingo 24 de abril.<\/p>\n\n\n\n<p>Inform\u00f3 que el motivo fue porque de las siete candidaturas registradas ante este \u00f3rgano electoral, solo se present\u00f3 la candidata de Movimiento Ciudadano, Alejandra Garc\u00eda Morl\u00e1n, quien manifest\u00f3 su intenci\u00f3n de declinar su asistencia en el debate; mientras que el candidato de Nueva Alianza, Bersah\u00edn L\u00f3pez L\u00f3pez, fue el \u00fanico quien confirm\u00f3 su disposici\u00f3n de participar en el mismo.<\/p>\n\n\n\n<p>&#8220;En virtud de ello, de acuerdo a la norma electoral no existen las condiciones para la realizaci\u00f3n de este ejercicio democr\u00e1tico, la Comisi\u00f3n Temporal de Comunicaci\u00f3n del IEEPCO analizar\u00e1 la situaci\u00f3n de los debates a la gubernatura y lo informar\u00e1 a la brevedad&#8221;, indic\u00f3.<\/p>\n\n\n\n<p>Asimismo, reafirm\u00f3 su compromiso con la poblaci\u00f3n oaxaque\u00f1a al tener todo listo para realizar estos debates y reconoci\u00f3 el trabajo hecho por el personal del IEEPCO y CORTV, quienes cumplieron con el desarrollo de todas y cada una de las actividades operativas y t\u00e9cnicas para la realizaci\u00f3n de este ejercicio democr\u00e1tico, previo a las elecciones del 5 de junio.<\/p>\n\n\n\n<p>Los dos debates programados para este 24 de abril y 15 de mayo, tuvieron un costo de 700 mil pesos, inform\u00f3 la presidenta del IEEPCO, Elizabeth S\u00e1nchez. <\/p>\n","protected":false},"excerpt":{"rendered":"<p>Oaxaca de Ju\u00e1rez, Oax. 24 de abril de 2022.- El Instituto Estatal Electoral y de Participaci\u00f3n Ciudadana de Oaxaca (IEEPCO) cancel\u00f3 el primer debate entre candidatos a la gubernatura del estado, previsto para este domingo 24 de abril. Inform\u00f3 que el motivo fue porque de las siete candidaturas registradas ante este \u00f3rgano electoral, solo se&#8230;<\/p>\n","protected":false},"author":4,"featured_media":9756,"comment_status":"closed","ping_status":"closed","sticky":false,"template":"","format":"standard","meta":{"footnotes":""},"categories":[49],"tags":[],"class_list":["post-9755","post","type-post","status-publish","format-standard","has-post-thumbnail","hentry","category-titulares"],"_links":{"self":[{"href":"https:\/\/fdnoaxaca.net\/index.php\/wp-json\/wp\/v2\/posts\/9755","targetHints":{"allow":["GET"]}}],"collection":[{"href":"https:\/\/fdnoaxaca.net\/index.php\/wp-json\/wp\/v2\/posts"}],"about":[{"href":"https:\/\/fdnoaxaca.net\/index.php\/wp-json\/wp\/v2\/types\/post"}],"author":[{"embeddable":true,"href":"https:\/\/fdnoaxaca.net\/index.php\/wp-json\/wp\/v2\/users\/4"}],"replies":[{"embeddable":true,"href":"https:\/\/fdnoaxaca.net\/index.php\/wp-json\/wp\/v2\/comments?post=9755"}],"version-history":[{"count":2,"href":"https:\/\/fdnoaxaca.net\/index.php\/wp-json\/wp\/v2\/posts\/9755\/revisions"}],"predecessor-version":[{"id":9780,"href":"https:\/\/fdnoaxaca.net\/index.php\/wp-json\/wp\/v2\/posts\/9755\/revisions\/9780"}],"wp:featuredmedia":[{"embeddable":true,"href":"https:\/\/fdnoaxaca.net\/index.php\/wp-json\/wp\/v2\/media\/9756"}],"wp:attachment":[{"href":"https:\/\/fdnoaxaca.net\/index.php\/wp-json\/wp\/v2\/media?parent=9755"}],"wp:term":[{"taxonomy":"category","embeddable":true,"href":"https:\/\/fdnoaxaca.net\/index.php\/wp-json\/wp\/v2\/categories?post=9755"},{"taxonomy":"post_tag","embeddable":true,"href":"https:\/\/fdnoaxaca.net\/index.php\/wp-json\/wp\/v2\/tags?post=9755"}],"curies":[{"name":"wp","href":"https:\/\/api.w.org\/{rel}","templated":true}]}}