{"id":9784,"date":"2022-04-29T00:53:41","date_gmt":"2022-04-29T00:53:41","guid":{"rendered":"https:\/\/fdnoaxaca.net\/?p=9784"},"modified":"2022-04-29T00:53:45","modified_gmt":"2022-04-29T00:53:45","slug":"solicita-congreso-garantizar-los-derechos-de-los-campesinos-en-reforma-de-ley","status":"publish","type":"post","link":"https:\/\/fdnoaxaca.net\/index.php\/2022\/04\/29\/solicita-congreso-garantizar-los-derechos-de-los-campesinos-en-reforma-de-ley\/","title":{"rendered":"Solicita Congreso garantizar los derechos de los campesinos en reforma de ley"},"content":{"rendered":"\n<p><strong>San Raymundo Jalpan, Oax. 28 de abril de 2022.-<\/strong>&nbsp;Las y los diputados de la 65 Legislatura solicitan al Congreso de la Uni\u00f3n, realice un an\u00e1lisis minucioso de su iniciativa de reforma y adici\u00f3n de diversas disposiciones de la Ley Federal de Variedades Vegetales, para que las comunidades ind\u00edgenas sean consultadas y no se afecten sus derechos.<\/p>\n\n\n\n<p>Y es que el pasado 15 de diciembre de 2021 la Comisi\u00f3n de Desarrollo y Conservaci\u00f3n Rural, Agr\u00edcola y Autosuficiencia Alimentaria de San L\u00e1zaro, turn\u00f3 esta propuesta, la cual se basa en el Plan Nacional de Desarrollo mismo que contempla la autosuficiencia alimentaria y que dicha ley necesita reformarse en virtud de los avances cient\u00edficos y tecnol\u00f3gicos en materia de semillas para el desarrollo alimentario.<\/p>\n\n\n\n<p>Considerando la relevancia que tiene el desarrollo econ\u00f3mico del campo en la entidad y en aras de potenciarlo, para las y los integrantes del Congreso de Oaxaca es de suma importancia que antes de su aprobaci\u00f3n, esta iniciativa se debata a profundidad.<\/p>\n\n\n\n<p>En este sentido, las y los diputados locales realizan este exhorto para que se lleve a cabo una consulta de esta reforma y sea ampliamente discutida con el sector agr\u00edcola del pa\u00eds, que incluye a las comunidades ind\u00edgenas, as\u00ed como a especialistas de la academia, la investigaci\u00f3n y la sociedad civil para que no sean afectados los derechos de las y los campesinos.<\/p>\n\n\n\n<p>Esta iniciativa fue presentada por el diputado C\u00e9sar David Mateos Ben\u00edtez y turnada para su estudio a la Comisi\u00f3n Permanente Agropecuaria, Forestal, Miner\u00eda y Pesca y se aprob\u00f3 por el Pleno con 26 votos.<\/p>\n","protected":false},"excerpt":{"rendered":"<p>San Raymundo Jalpan, Oax. 28 de abril de 2022.-&nbsp;Las y los diputados de la 65 Legislatura solicitan al Congreso de la Uni\u00f3n, realice un an\u00e1lisis minucioso de su iniciativa de reforma y adici\u00f3n de diversas disposiciones de la Ley Federal de Variedades Vegetales, para que las comunidades ind\u00edgenas sean consultadas y no se afecten sus&#8230;<\/p>\n","protected":false},"author":4,"featured_media":9785,"comment_status":"closed","ping_status":"closed","sticky":false,"template":"","format":"standard","meta":{"footnotes":""},"categories":[4,49],"tags":[],"class_list":["post-9784","post","type-post","status-publish","format-standard","has-post-thumbnail","hentry","category-general","category-titulares"],"_links":{"self":[{"href":"https:\/\/fdnoaxaca.net\/index.php\/wp-json\/wp\/v2\/posts\/9784","targetHints":{"allow":["GET"]}}],"collection":[{"href":"https:\/\/fdnoaxaca.net\/index.php\/wp-json\/wp\/v2\/posts"}],"about":[{"href":"https:\/\/fdnoaxaca.net\/index.php\/wp-json\/wp\/v2\/types\/post"}],"author":[{"embeddable":true,"href":"https:\/\/fdnoaxaca.net\/index.php\/wp-json\/wp\/v2\/users\/4"}],"replies":[{"embeddable":true,"href":"https:\/\/fdnoaxaca.net\/index.php\/wp-json\/wp\/v2\/comments?post=9784"}],"version-history":[{"count":1,"href":"https:\/\/fdnoaxaca.net\/index.php\/wp-json\/wp\/v2\/posts\/9784\/revisions"}],"predecessor-version":[{"id":9786,"href":"https:\/\/fdnoaxaca.net\/index.php\/wp-json\/wp\/v2\/posts\/9784\/revisions\/9786"}],"wp:featuredmedia":[{"embeddable":true,"href":"https:\/\/fdnoaxaca.net\/index.php\/wp-json\/wp\/v2\/media\/9785"}],"wp:attachment":[{"href":"https:\/\/fdnoaxaca.net\/index.php\/wp-json\/wp\/v2\/media?parent=9784"}],"wp:term":[{"taxonomy":"category","embeddable":true,"href":"https:\/\/fdnoaxaca.net\/index.php\/wp-json\/wp\/v2\/categories?post=9784"},{"taxonomy":"post_tag","embeddable":true,"href":"https:\/\/fdnoaxaca.net\/index.php\/wp-json\/wp\/v2\/tags?post=9784"}],"curies":[{"name":"wp","href":"https:\/\/api.w.org\/{rel}","templated":true}]}}