{"id":9787,"date":"2022-04-29T01:33:38","date_gmt":"2022-04-29T01:33:38","guid":{"rendered":"https:\/\/fdnoaxaca.net\/?p=9787"},"modified":"2022-04-29T01:33:41","modified_gmt":"2022-04-29T01:33:41","slug":"confirma-sala-xalapa-invalidez-de-terminacion-anticipada-de-mandato-en-xanica","status":"publish","type":"post","link":"https:\/\/fdnoaxaca.net\/index.php\/2022\/04\/29\/confirma-sala-xalapa-invalidez-de-terminacion-anticipada-de-mandato-en-xanica\/","title":{"rendered":"Confirma Sala Xalapa invalidez de terminaci\u00f3n anticipada de mandato en Xanica"},"content":{"rendered":"\n<p>Oaxaca de Ju\u00e1rez, Oax. 28 de abril de 2022.- La\u00a0Sala Regional Xalapa\u00a0del Tribunal Electoral del Poder Judicial de la Federaci\u00f3n (TEPJF) confirm\u00f3\u00a0la sentencia del Tribunal Electoral del Estado de\u00a0Oaxaca\u00a0(TEEO), en la cual se invalid\u00f3 la terminaci\u00f3n anticipada de mandato de los integrantes del ayuntamiento de\u00a0Santiago Xanica. <\/p>\n\n\n\n<p>Emitida en el expediente JNI\/11\/2022, que, a su vez, confirm\u00f3 el acuerdo IEEPCO-CG-SNI-003\/2022&nbsp;del Consejo General del Instituto Estatal Electoral de Participaci\u00f3n Ciudadana de Oaxaca (IEEPCO), en la que&nbsp;tambi\u00e9n calific\u00f3 como jur\u00eddicamente&nbsp;no v\u00e1lida la asamblea de elecci\u00f3n extraordinaria de concejales al citado ayuntamiento, llevada a cabo el 28 de noviembre de 2021.<\/p>\n\n\n\n<p>El Pleno de la Sala Regional se\u00f1al\u00f3 que fue correcta la conclusi\u00f3n a la que arrib\u00f3 el TEEO de no otorgar validez a los actos antes precisados, debido a que el procedimiento que se sigui\u00f3 para decidir la terminaci\u00f3n anticipada de mandato de la presidenta municipal y los concejales del ayuntamiento carece de certeza jur\u00eddica.<br>\n&nbsp;<br>\nLo anterior, porque las personas que emitieron las convocatorias de las asambleas generales comunitarias no contaban con facultades para hacerlo. <\/p>\n\n\n\n<p>Adem\u00e1s de que, en la sustanciaci\u00f3n del procedimiento de terminaci\u00f3n anticipada de mandato, no se cumpli\u00f3 con el marco jur\u00eddico aplicable ni se colmaron los requisitos establecidos por la Sala Superior de este Tribunal Electoral; en especial, respecto a garantizar una modalidad de audiencia de los ediles sujetos a dicho procedimiento.<br>\n&nbsp;<\/p>\n","protected":false},"excerpt":{"rendered":"<p>Oaxaca de Ju\u00e1rez, Oax. 28 de abril de 2022.- La\u00a0Sala Regional Xalapa\u00a0del Tribunal Electoral del Poder Judicial de la Federaci\u00f3n (TEPJF) confirm\u00f3\u00a0la sentencia del Tribunal Electoral del Estado de\u00a0Oaxaca\u00a0(TEEO), en la cual se invalid\u00f3 la terminaci\u00f3n anticipada de mandato de los integrantes del ayuntamiento de\u00a0Santiago Xanica. Emitida en el expediente JNI\/11\/2022, que, a su vez,&#8230;<\/p>\n","protected":false},"author":4,"featured_media":7839,"comment_status":"closed","ping_status":"closed","sticky":false,"template":"","format":"standard","meta":{"footnotes":""},"categories":[4],"tags":[],"class_list":["post-9787","post","type-post","status-publish","format-standard","has-post-thumbnail","hentry","category-general"],"_links":{"self":[{"href":"https:\/\/fdnoaxaca.net\/index.php\/wp-json\/wp\/v2\/posts\/9787","targetHints":{"allow":["GET"]}}],"collection":[{"href":"https:\/\/fdnoaxaca.net\/index.php\/wp-json\/wp\/v2\/posts"}],"about":[{"href":"https:\/\/fdnoaxaca.net\/index.php\/wp-json\/wp\/v2\/types\/post"}],"author":[{"embeddable":true,"href":"https:\/\/fdnoaxaca.net\/index.php\/wp-json\/wp\/v2\/users\/4"}],"replies":[{"embeddable":true,"href":"https:\/\/fdnoaxaca.net\/index.php\/wp-json\/wp\/v2\/comments?post=9787"}],"version-history":[{"count":1,"href":"https:\/\/fdnoaxaca.net\/index.php\/wp-json\/wp\/v2\/posts\/9787\/revisions"}],"predecessor-version":[{"id":9788,"href":"https:\/\/fdnoaxaca.net\/index.php\/wp-json\/wp\/v2\/posts\/9787\/revisions\/9788"}],"wp:featuredmedia":[{"embeddable":true,"href":"https:\/\/fdnoaxaca.net\/index.php\/wp-json\/wp\/v2\/media\/7839"}],"wp:attachment":[{"href":"https:\/\/fdnoaxaca.net\/index.php\/wp-json\/wp\/v2\/media?parent=9787"}],"wp:term":[{"taxonomy":"category","embeddable":true,"href":"https:\/\/fdnoaxaca.net\/index.php\/wp-json\/wp\/v2\/categories?post=9787"},{"taxonomy":"post_tag","embeddable":true,"href":"https:\/\/fdnoaxaca.net\/index.php\/wp-json\/wp\/v2\/tags?post=9787"}],"curies":[{"name":"wp","href":"https:\/\/api.w.org\/{rel}","templated":true}]}}