{"id":9818,"date":"2022-05-02T23:51:22","date_gmt":"2022-05-02T23:51:22","guid":{"rendered":"https:\/\/fdnoaxaca.net\/?p=9818"},"modified":"2022-05-02T23:53:30","modified_gmt":"2022-05-02T23:53:30","slug":"promueve-ieepco-participacion-ciudadana-con-la-creacion-de-murales-urbanos","status":"publish","type":"post","link":"https:\/\/fdnoaxaca.net\/index.php\/2022\/05\/02\/promueve-ieepco-participacion-ciudadana-con-la-creacion-de-murales-urbanos\/","title":{"rendered":"Promueve IEEPCO participaci\u00f3n ciudadana con la creaci\u00f3n de murales urbanos"},"content":{"rendered":"\n<p>El Instituto Estatal Electoral y de Participaci\u00f3n Ciudadana (IEEPCO), a trav\u00e9s de la Direcci\u00f3n Ejecutiva de Educaci\u00f3n C\u00edvica y Participaci\u00f3n Ciudadana, realiza con \u00e9xito la elaboraci\u00f3n de 19 murales urbanos, ubicados en las diferentes regiones de la entidad oaxaque\u00f1a con el objetivo de promover el voto informado y construir ciudadan\u00eda. &nbsp;<\/p>\n\n\n\n<figure class=\"wp-block-image\"><img loading=\"lazy\" decoding=\"async\" width=\"1024\" height=\"1024\" src=\"https:\/\/fdnoaxaca.net\/wp-content\/uploads\/2022\/05\/IMG_20220502_184140-1024x1024.jpg\" alt=\"\" class=\"wp-image-9821\" srcset=\"https:\/\/fdnoaxaca.net\/wp-content\/uploads\/2022\/05\/IMG_20220502_184140-1024x1024.jpg 1024w, https:\/\/fdnoaxaca.net\/wp-content\/uploads\/2022\/05\/IMG_20220502_184140-150x150.jpg 150w, https:\/\/fdnoaxaca.net\/wp-content\/uploads\/2022\/05\/IMG_20220502_184140-300x300.jpg 300w, https:\/\/fdnoaxaca.net\/wp-content\/uploads\/2022\/05\/IMG_20220502_184140-768x768.jpg 768w, https:\/\/fdnoaxaca.net\/wp-content\/uploads\/2022\/05\/IMG_20220502_184140.jpg 1280w\" sizes=\"auto, (max-width: 1024px) 100vw, 1024px\" \/><\/figure>\n\n\n\n<p>Lo anterior, en el marco del Proceso Electoral Ordinario 2021-2022 y como parte de la convocatoria \u201cMural de Arte Urbano\u201d, dirigida a los 25 Consejos Distritales con el objetivo de promover la apropiaci\u00f3n del espacio p\u00fablico con intervenciones art\u00edsticas ciudadanas.&nbsp;<\/p>\n\n\n\n<p>El funcionariado de los Consejos Distritales se encarg\u00f3 de ubicar los mejores espacios p\u00fablicos para la realizaci\u00f3n de las obras de arte, a fin de garantizar el objetivo de promover la cultura c\u00edvica, el voto informado y la cultura de la legalidad previo a la jornada electoral del pr\u00f3ximo 5 de junio. &nbsp;<\/p>\n\n\n\n<p>En ese contexto, las cuatro obras de arte mejor calificadas fueron seleccionadas por parte de la Comisi\u00f3n y la Direcci\u00f3n para ser las portadas del &#8220;Cuaderno C\u00edvico Digital&#8221; &nbsp;que edita el instituto de manera trimestral en tanto que, otras ocho obras fueron seleccionadas para integrar un calendario institucional.&nbsp;<\/p>\n\n\n\n<p>El Dato:&nbsp;<br>El mural ganador del primer lugar pertenece al 12 Consejo Distrital de Santa Luc\u00eda del Camino y lleva por t\u00edtulo \u201cUnidos todos contamos\u201d, mismo que fue creado por Irvin Eduardo Doquiz Corona, en colaboraci\u00f3n con Graciela Cruz Mart\u00ednez.&nbsp;<\/p>\n\n\n\n<figure class=\"wp-block-image\"><img loading=\"lazy\" decoding=\"async\" width=\"1024\" height=\"458\" src=\"https:\/\/fdnoaxaca.net\/wp-content\/uploads\/2022\/05\/IMG-20220502-WA0006-1024x458.jpg\" alt=\"\" class=\"wp-image-9820\" srcset=\"https:\/\/fdnoaxaca.net\/wp-content\/uploads\/2022\/05\/IMG-20220502-WA0006-1024x458.jpg 1024w, https:\/\/fdnoaxaca.net\/wp-content\/uploads\/2022\/05\/IMG-20220502-WA0006-300x134.jpg 300w, https:\/\/fdnoaxaca.net\/wp-content\/uploads\/2022\/05\/IMG-20220502-WA0006-768x343.jpg 768w, https:\/\/fdnoaxaca.net\/wp-content\/uploads\/2022\/05\/IMG-20220502-WA0006.jpg 1280w\" sizes=\"auto, (max-width: 1024px) 100vw, 1024px\" \/><\/figure>\n\n\n\n<p>&nbsp;Las dem\u00e1s obras reconocidas fueron: \u201cLa democracia y nuestros adultos mayores\u201d de Luis David Ochoa Velasco; \u201cTodas juntas, derecho y libertad\u201d de Aure Isabel Amos Canela; \u201cAves del tiempo\u201d de Leonel Miguel L\u00f3pez L\u00f3pez; \u201cDerecho al voto\u201d de N\u00e9stor Manuel Rosario; \u201cEl mundo en tus manos\u201d de Sergio Sarabia Gir\u00f3n; \u201cYo s\u00ed voto\u201d de Mauricio Hern\u00e1ndez Hern\u00e1ndez, &#8220;identidad cultural&#8221;, de Lucas Orozco Librado; y \u201cAlfarera\u201d de Efra\u00edn Reyes Montiel; ubicados en inmediaciones de los Consejos Distritales de Acatl\u00e1n de P\u00e9rez Figueroa, San Juan Bautista Tuxtepec, Asunci\u00f3n Nochixtl\u00e1n, Huajuapan de Le\u00f3n, Putla Villa de Guerrero y Tlaxiaco, respectivamente. &nbsp;<\/p>\n\n\n\n<figure class=\"wp-block-image\"><img loading=\"lazy\" decoding=\"async\" width=\"1024\" height=\"346\" src=\"https:\/\/fdnoaxaca.net\/wp-content\/uploads\/2022\/05\/IMG_20220502_184321-1024x346.jpg\" alt=\"\" class=\"wp-image-9819\" srcset=\"https:\/\/fdnoaxaca.net\/wp-content\/uploads\/2022\/05\/IMG_20220502_184321-1024x346.jpg 1024w, https:\/\/fdnoaxaca.net\/wp-content\/uploads\/2022\/05\/IMG_20220502_184321-300x101.jpg 300w, https:\/\/fdnoaxaca.net\/wp-content\/uploads\/2022\/05\/IMG_20220502_184321-768x259.jpg 768w, https:\/\/fdnoaxaca.net\/wp-content\/uploads\/2022\/05\/IMG_20220502_184321.jpg 1280w\" sizes=\"auto, (max-width: 1024px) 100vw, 1024px\" \/><\/figure>\n\n\n\n<p>As\u00ed mismo, \u201cDiversidad en un mundo democr\u00e1tico\u201d del colectivo integrado Martha Patricia Escobar Espinoza, Hannia Sara\u00ed Cabrera Figueroa, Estephania Mijangos Chac\u00f3n, C\u00e9sar Ulises Escobar Espinoza y Guadalupe Escobar Espinoza; \u201cDiversidad cultural\u201d de Heriberto Octavio Taboada Robles; \u201cFortaleza ciudadana\u201d de Abisai Giovanni Venegas; \u201cDiversidad Cultural\u201d de Marcos Morales Reyes; \u201cDiversidad cultural\u201d de Norma G\u00f3mez y Nayma Nallely, ubicados en Mat\u00edas Romero Avenda\u00f1o, Oaxaca de Ju\u00e1rez, Santa Cruz Xoxocotl\u00e1n, Zimatl\u00e1n de \u00c1lvarez y Tlacolula de Matamoros. &nbsp;<\/p>\n\n\n\n<p>Finalmente, \u201cDemocracia Sana&#8221; de Jos\u00e9 Roberto Pineda Hern\u00e1ndez; \u201cHero\u00edsmo Cultural\u201d de Nadia Lili Santiago Rodr\u00edguez; \u201cDiversidad Cultural\u201d de Adri\u00e1n Ruiz Gij\u00f3n; y \u201cSemilla\u201d del colectivo integrado por Karla Itzel Garc\u00eda Casta\u00f1eda, Laura Edith Castel\u00e1n Garc\u00eda, B\u00e9lgica Cortes Castillo y Luis Alberto R\u00edos Cruz; &#8220;Identidad con igualdad&#8221; de V\u00edctor Hugo Pacheco; &#8220;Diversidad cultural&#8221; de Abel Montiel realizados en Salina Cruz, Santiago Pinotepa Nacional, Miahuatl\u00e1n de Porfirio Diaz, San Pedro Pochutla, Ixtl\u00e1n de Ju\u00e1rez y San Pedro y San Pablo Ayutla.<\/p>\n","protected":false},"excerpt":{"rendered":"<p>El Instituto Estatal Electoral y de Participaci\u00f3n Ciudadana (IEEPCO), a trav\u00e9s de la Direcci\u00f3n Ejecutiva de Educaci\u00f3n C\u00edvica y Participaci\u00f3n Ciudadana, realiza con \u00e9xito la elaboraci\u00f3n de 19 murales urbanos, ubicados en las diferentes regiones de la entidad oaxaque\u00f1a con el objetivo de promover el voto informado y construir ciudadan\u00eda. &nbsp; Lo anterior, en el&#8230;<\/p>\n","protected":false},"author":4,"featured_media":9823,"comment_status":"closed","ping_status":"closed","sticky":false,"template":"","format":"standard","meta":{"footnotes":""},"categories":[4,49],"tags":[],"class_list":["post-9818","post","type-post","status-publish","format-standard","has-post-thumbnail","hentry","category-general","category-titulares"],"_links":{"self":[{"href":"https:\/\/fdnoaxaca.net\/index.php\/wp-json\/wp\/v2\/posts\/9818","targetHints":{"allow":["GET"]}}],"collection":[{"href":"https:\/\/fdnoaxaca.net\/index.php\/wp-json\/wp\/v2\/posts"}],"about":[{"href":"https:\/\/fdnoaxaca.net\/index.php\/wp-json\/wp\/v2\/types\/post"}],"author":[{"embeddable":true,"href":"https:\/\/fdnoaxaca.net\/index.php\/wp-json\/wp\/v2\/users\/4"}],"replies":[{"embeddable":true,"href":"https:\/\/fdnoaxaca.net\/index.php\/wp-json\/wp\/v2\/comments?post=9818"}],"version-history":[{"count":1,"href":"https:\/\/fdnoaxaca.net\/index.php\/wp-json\/wp\/v2\/posts\/9818\/revisions"}],"predecessor-version":[{"id":9822,"href":"https:\/\/fdnoaxaca.net\/index.php\/wp-json\/wp\/v2\/posts\/9818\/revisions\/9822"}],"wp:featuredmedia":[{"embeddable":true,"href":"https:\/\/fdnoaxaca.net\/index.php\/wp-json\/wp\/v2\/media\/9823"}],"wp:attachment":[{"href":"https:\/\/fdnoaxaca.net\/index.php\/wp-json\/wp\/v2\/media?parent=9818"}],"wp:term":[{"taxonomy":"category","embeddable":true,"href":"https:\/\/fdnoaxaca.net\/index.php\/wp-json\/wp\/v2\/categories?post=9818"},{"taxonomy":"post_tag","embeddable":true,"href":"https:\/\/fdnoaxaca.net\/index.php\/wp-json\/wp\/v2\/tags?post=9818"}],"curies":[{"name":"wp","href":"https:\/\/api.w.org\/{rel}","templated":true}]}}